{"id":7119,"date":"2020-01-29T01:36:00","date_gmt":"2020-01-29T04:36:00","guid":{"rendered":"http:\/\/www.toque-musicall.com\/?p=7119"},"modified":"2020-02-01T07:34:23","modified_gmt":"2020-02-01T10:34:23","slug":"fogo-no-circo-1982","status":"publish","type":"post","link":"https:\/\/www.toque-musicall.com\/?p=7119","title":{"rendered":"Fogo No Circo (1982)"},"content":{"rendered":"\n<figure class=\"wp-block-image size-large\"><img decoding=\"async\" src=\"https:\/\/1.bp.blogspot.com\/-o0qr01q2ZmA\/XjOa_O-4arI\/AAAAAAAAQZ8\/6tc9D1OP5wkNY5fLXNZYRDfRf333c7DEgCLcBGAsYHQ\/s640\/Anota%25C3%25A7%25C3%25A3o%2B2020-01-31%2B002252.jpg\" alt=\"\"\/><\/figure>\n\n\n\n<figure class=\"wp-block-image size-large\"><img decoding=\"async\" src=\"https:\/\/1.bp.blogspot.com\/--Plm4JnFOTA\/XjOa_qieGUI\/AAAAAAAAQaA\/UO1e1YRBJYwU1k8xHXRTPDRbWHh2a7f9ACEwYBhgL\/s640\/Anota%25C3%25A7%25C3%25A3o%2B2020-01-31%2B002204.jpg\" alt=\"\"\/><\/figure>\n\n\n<p>Boa noite, prezados amigos cultos e ocultos! Voltamos aos mineiros, aos discos regionais, que n\u00e3o foram muito al\u00e9m das montanhas. Assim como em outras regi\u00f5es do Brasil temos essas edi\u00e7\u00f5es, por vezes independente ou lan\u00e7adas por alguma gravadora local. Edi\u00e7\u00f5es limitadas com pequeno n\u00famero de c\u00f3pias. Assim, muitas vezes, algumas coisas ainda passam batidas. At\u00e9 que algu\u00e9m &#8216;levanta a lebre&#8217;, descobre aquele disco bacana e obscuro, ca\u00ed na Rede, nas m\u00eddias sociais e se torna uma raridade. Mas isso s\u00f3 rola quando o interesse vem &#8216;da gringa&#8217;, quando algum japon\u00eas mais esperto descobre a p\u00e9rola. E n\u00e3o \u00e9 de hoje que o foco deles foi ampliando e o interesse por discos de edi\u00e7\u00f5es independentes e regionais s\u00f3 tem aumentado. Est\u00e3o levando tudo embora. Aqui, um bom exemplo: &#8220;Fogo no Circo&#8221;, um obscuro lp lan\u00e7ado em 1982, de forma independente pela banda mineira, de mesmo nome. Este disco \u00e9 mais um objeto de desejo desses colecionadores que pagam caro para t\u00ea-lo em sua cole\u00e7\u00e3o. Ainda mais, em se tratando de um trabalho com caracter\u00edsticas de &#8216;folk-rock&#8217;. H\u00e1 por a\u00ed muita gente interessada. O meu ningu\u00e9m leva e olha que j\u00e1 me ofereceram uma boa grana!<br>Fogo no Circo foi uma banda surgida em Belo Horizonte no in\u00edcio dos anos 80. Por incr\u00edvel que pare\u00e7a n\u00e3o h\u00e1 na Rede nenhuma refer\u00eancia sobre ela. Tudo que podemos saber est\u00e1 no pr\u00f3prio \u00e1lbum, que embora completo em sua ficha t\u00e9cnica e um quase manifesto art\u00edstico, n\u00e3o nos leva muito longe. Achei o Paulo Horta no Facebook, guitarrista da banda. Em seu perfil h\u00e1 algumas refer\u00eancias ao Fogo no Circo. Deixei l\u00e1 um recado, quem sabe um dia desses ele resolva voltar ao FB e venha aqui nos contar nos Coment\u00e1rios um pouco sobre a banda. De resto, o que posso dizer \u00e9 que se trata de um disco bacana, bem acima da m\u00e9dia com todas as caracter\u00edsticas de mineiridade. Composi\u00e7\u00f5es inteligentes, harmoniosas com uma boa pitada de humor, rock, pop, xote, frevo e tudo mais&#8230; Confiram no GTM.<\/p>\n<div>xote mineiro<\/div>\n<div>talvez um dia desses<\/div>\n<div>pimenta com jil\u00f3<\/div>\n<div>la luna<\/div>\n<div>festival<\/div>\n<div>caramelo bill<\/div>\n<div>as maravilhas da cura oriental<\/div>\n<div>aritm\u00e9tica do amor<\/div>\n<div>minas gerais<\/div>\n<div>frevo rasgado<\/div>\n<p>.<\/p>","protected":false},"excerpt":{"rendered":"<p>Boa noite, prezados amigos cultos e ocultos! Voltamos aos mineiros, aos discos regionais, que n\u00e3o foram muito al\u00e9m das montanhas. Assim como em outras regi\u00f5es do Brasil temos essas edi\u00e7\u00f5es, por vezes independente ou lan\u00e7adas por alguma gravadora local. Edi\u00e7\u00f5es &hellip; <a href=\"https:\/\/www.toque-musicall.com\/?p=7119\">Continue lendo <span class=\"meta-nav\">&rarr;<\/span><\/a><\/p>\n","protected":false},"author":1,"featured_media":0,"comment_status":"open","ping_status":"closed","sticky":false,"template":"","format":"standard","meta":{"footnotes":""},"categories":[3425,25],"tags":[3427],"class_list":["post-7119","post","type-post","status-publish","format-standard","hentry","category-fogo-no-circo","category-selo-independente","tag-fogo-no-circo"],"_links":{"self":[{"href":"https:\/\/www.toque-musicall.com\/index.php?rest_route=\/wp\/v2\/posts\/7119","targetHints":{"allow":["GET"]}}],"collection":[{"href":"https:\/\/www.toque-musicall.com\/index.php?rest_route=\/wp\/v2\/posts"}],"about":[{"href":"https:\/\/www.toque-musicall.com\/index.php?rest_route=\/wp\/v2\/types\/post"}],"author":[{"embeddable":true,"href":"https:\/\/www.toque-musicall.com\/index.php?rest_route=\/wp\/v2\/users\/1"}],"replies":[{"embeddable":true,"href":"https:\/\/www.toque-musicall.com\/index.php?rest_route=%2Fwp%2Fv2%2Fcomments&post=7119"}],"version-history":[{"count":3,"href":"https:\/\/www.toque-musicall.com\/index.php?rest_route=\/wp\/v2\/posts\/7119\/revisions"}],"predecessor-version":[{"id":7126,"href":"https:\/\/www.toque-musicall.com\/index.php?rest_route=\/wp\/v2\/posts\/7119\/revisions\/7126"}],"wp:attachment":[{"href":"https:\/\/www.toque-musicall.com\/index.php?rest_route=%2Fwp%2Fv2%2Fmedia&parent=7119"}],"wp:term":[{"taxonomy":"category","embeddable":true,"href":"https:\/\/www.toque-musicall.com\/index.php?rest_route=%2Fwp%2Fv2%2Fcategories&post=7119"},{"taxonomy":"post_tag","embeddable":true,"href":"https:\/\/www.toque-musicall.com\/index.php?rest_route=%2Fwp%2Fv2%2Ftags&post=7119"}],"curies":[{"name":"wp","href":"https:\/\/api.w.org\/{rel}","templated":true}]}}