{"id":7130,"date":"2020-01-30T07:40:00","date_gmt":"2020-01-30T10:40:00","guid":{"rendered":"http:\/\/www.toque-musicall.com\/?p=7130"},"modified":"2020-02-01T07:44:56","modified_gmt":"2020-02-01T10:44:56","slug":"emilio-pieroni-conselhos-do-alem-1993","status":"publish","type":"post","link":"https:\/\/www.toque-musicall.com\/?p=7130","title":{"rendered":"Emilio Pieroni &#8211; Conselhos do Al\u00e9m (1993)"},"content":{"rendered":"\n<figure class=\"wp-block-image size-large\"><img decoding=\"async\" src=\"https:\/\/1.bp.blogspot.com\/-AiemsZNhJtU\/XjVIq6UIHLI\/AAAAAAAAQaQ\/GHYrztWOsAoDnLT1reaJu8BZZPXnfeo7wCLcBGAsYHQ\/s640\/capa.JPG\" alt=\"\"\/><\/figure>\n\n\n\n<figure class=\"wp-block-image size-large\"><img decoding=\"async\" src=\"https:\/\/1.bp.blogspot.com\/-WQ7JhKYreEQ\/XjVIrf_0wAI\/AAAAAAAAQaU\/-15GGhEnJkgTg7mKEosZtZvIUCeaJMEXwCLcBGAsYHQ\/s640\/contacapa.JPG\" alt=\"\"\/><\/figure>\n\n\n<p>Bom dia a todos os amigos cultos e ocultos. Como todos sabem, nosso Toque Musical \u00e9 &#8216;um espa\u00e7o para quem escuta m\u00fasica com outros olhos&#8217;, ou seja, um lugar onde cabem todas as manifesta\u00e7\u00f5es fonomusicais e em especial aquelas feitas no Brasil. Vez por outra gostamos de ter discos diferenciados, de raro acesso por conta principalmente de serem produ\u00e7\u00f5es independentes, de pequenas tiragens e at\u00e9 mesmo pela curiosidade de seus conte\u00fados. J\u00e1 postamos aqui discos ligados a tem\u00e1tica religiosa, mas creio que esta seja a primeira vez que publicamos um disco relacionado ao Espiritismo. &#8220;Conselhos do Al\u00e9m&#8221; foi um disco gravado pelo violonista e compositor mineiro Em\u00edlio Pieroni, em 1993. Trabalho autoral e inspirado na leitura do livro &#8220;Nosso Lar&#8221;, de Andr\u00e9 Luiz &#8211; psicografado por Chico Xavier. O disco traz belas melodias e mensagens sempre positivas, repert\u00f3rio frequente nos encontros do Grupo da Fraternidade Irm\u00e3 L\u00f3. Confiram no GTM&#8230;<\/p>\n<div>conselhos do al\u00e9m<\/div>\n<div>luz guardi\u00e3 da noite<\/div>\n<div>pivete n\u00e3o, irm\u00e3o<\/div>\n<div>amor e busca<\/div>\n<div>ser\u00e1 feliz<\/div>\n<div>o homem de bem<\/div>\n<div>renovar<\/div>\n<div>ao cantarmos<\/div>\n<div>eterno almir<\/div>\n<p><br \/><br \/>.<\/p>","protected":false},"excerpt":{"rendered":"<p>Bom dia a todos os amigos cultos e ocultos. Como todos sabem, nosso Toque Musical \u00e9 &#8216;um espa\u00e7o para quem escuta m\u00fasica com outros olhos&#8217;, ou seja, um lugar onde cabem todas as manifesta\u00e7\u00f5es fonomusicais e em especial aquelas feitas &hellip; <a href=\"https:\/\/www.toque-musicall.com\/?p=7130\">Continue lendo <span class=\"meta-nav\">&rarr;<\/span><\/a><\/p>\n","protected":false},"author":1,"featured_media":0,"comment_status":"open","ping_status":"closed","sticky":false,"template":"","format":"standard","meta":{"footnotes":""},"categories":[3426,3428,25],"tags":[3017],"class_list":["post-7130","post","type-post","status-publish","format-standard","hentry","category-emilio-pieroni","category-emilio-pieroni-2","category-selo-independente","tag-selo-independente"],"_links":{"self":[{"href":"https:\/\/www.toque-musicall.com\/index.php?rest_route=\/wp\/v2\/posts\/7130","targetHints":{"allow":["GET"]}}],"collection":[{"href":"https:\/\/www.toque-musicall.com\/index.php?rest_route=\/wp\/v2\/posts"}],"about":[{"href":"https:\/\/www.toque-musicall.com\/index.php?rest_route=\/wp\/v2\/types\/post"}],"author":[{"embeddable":true,"href":"https:\/\/www.toque-musicall.com\/index.php?rest_route=\/wp\/v2\/users\/1"}],"replies":[{"embeddable":true,"href":"https:\/\/www.toque-musicall.com\/index.php?rest_route=%2Fwp%2Fv2%2Fcomments&post=7130"}],"version-history":[{"count":1,"href":"https:\/\/www.toque-musicall.com\/index.php?rest_route=\/wp\/v2\/posts\/7130\/revisions"}],"predecessor-version":[{"id":7131,"href":"https:\/\/www.toque-musicall.com\/index.php?rest_route=\/wp\/v2\/posts\/7130\/revisions\/7131"}],"wp:attachment":[{"href":"https:\/\/www.toque-musicall.com\/index.php?rest_route=%2Fwp%2Fv2%2Fmedia&parent=7130"}],"wp:term":[{"taxonomy":"category","embeddable":true,"href":"https:\/\/www.toque-musicall.com\/index.php?rest_route=%2Fwp%2Fv2%2Fcategories&post=7130"},{"taxonomy":"post_tag","embeddable":true,"href":"https:\/\/www.toque-musicall.com\/index.php?rest_route=%2Fwp%2Fv2%2Ftags&post=7130"}],"curies":[{"name":"wp","href":"https:\/\/api.w.org\/{rel}","templated":true}]}}