{"id":7143,"date":"2020-02-04T20:14:00","date_gmt":"2020-02-04T23:14:00","guid":{"rendered":"http:\/\/www.toque-musicall.com\/?p=7143"},"modified":"2020-02-09T07:54:50","modified_gmt":"2020-02-09T10:54:50","slug":"francisco-mario-danca-do-mar-1988","status":"publish","type":"post","link":"https:\/\/www.toque-musicall.com\/?p=7143","title":{"rendered":"Francisco Mario &#8211; Dan\u00e7a Do Mar (1988)"},"content":{"rendered":"\n<figure class=\"wp-block-image size-large\"><img decoding=\"async\" src=\"https:\/\/1.bp.blogspot.com\/-Ju4BfyepNUg\/XjyQI9N-AUI\/AAAAAAAAQcM\/9NPVWUwA7RQt_NNS9IP3McP7MIFWIgT6wCLcBGAsYHQ\/s640\/francisco%2Bmario%2BP.JPG\" alt=\"\"\/><\/figure>\n\n\n\n<figure class=\"wp-block-image size-large\"><img decoding=\"async\" src=\"https:\/\/1.bp.blogspot.com\/-g9_cSY4PW-E\/XjyQIFKk26I\/AAAAAAAAQcI\/ajcIkbNs1kc7wVf8joBV81pDMVXJ0PodACLcBGAsYHQ\/s640\/01.JPG\" alt=\"\"\/><\/figure>\n\n\n<p>Boa noite, amigos cultos e ocultos! Mais uma vez marcando presen\u00e7a em nossa pra\u00e7a, trago o compositor mineiro Francisco M\u00e1rio em um disco p\u00f3stumo, lan\u00e7ado logo ap\u00f3s o seu falecimento, em 1988. Na verdade, Chico M\u00e1rio deixou antes de sua morte um vasto material in\u00e9dito que acabou gerando novos discos, que foram editados ao longo dos anos seguintes. &#8220;Dan\u00e7a do Mar&#8221; foi o primeiro, lan\u00e7ado pela fam\u00edlia, de forma independente. Este trabalho foi concebido como um aut\u00eantico \u00e1lbum\/livro, uma produ\u00e7\u00e3o luxuosa cujo o encarte, em forma de libreto, trazia poemas de Dorival Caymmi e ilustra\u00e7\u00f5es de pinturas de Lobianco. O disco se divide em sete momentos: Ver\u00e3o, Outono, Inverno, Primavera, Calmaria, Amanhecer e Tempestade. Foi lan\u00e7ado meses depois em um show na Sala Cec\u00edlia Meireles que contou com a participa\u00e7\u00e3o de grandes nomes como Antonio Adolfo, Rafael Rabello, Rique Pantoja, Mauro Senise e o grupo Galo Preto. Este disco voltou a ser relan\u00e7ado, creio que em formato digital, alguns anos depois e tamb\u00e9m foi lan\u00e7ado no exterior. Confiram no GTM esse maravilhoso trabalho&#8230;<\/p>\n<div>ver\u00e3o<\/div>\n<div>outono<\/div>\n<div>inverno<\/div>\n<div>primavera<\/div>\n<div>calmaria<\/div>\n<div>amanhecer<\/div>\n<div>tempestade<\/div>\n<p>.<\/p>","protected":false},"excerpt":{"rendered":"<p>Boa noite, amigos cultos e ocultos! Mais uma vez marcando presen\u00e7a em nossa pra\u00e7a, trago o compositor mineiro Francisco M\u00e1rio em um disco p\u00f3stumo, lan\u00e7ado logo ap\u00f3s o seu falecimento, em 1988. Na verdade, Chico M\u00e1rio deixou antes de sua &hellip; <a href=\"https:\/\/www.toque-musicall.com\/?p=7143\">Continue lendo <span class=\"meta-nav\">&rarr;<\/span><\/a><\/p>\n","protected":false},"author":1,"featured_media":0,"comment_status":"open","ping_status":"closed","sticky":false,"template":"","format":"standard","meta":{"footnotes":""},"categories":[621,25],"tags":[3437,3017],"class_list":["post-7143","post","type-post","status-publish","format-standard","hentry","category-francisco-mario","category-selo-independente","tag-francisco-mario","tag-selo-independente"],"_links":{"self":[{"href":"https:\/\/www.toque-musicall.com\/index.php?rest_route=\/wp\/v2\/posts\/7143","targetHints":{"allow":["GET"]}}],"collection":[{"href":"https:\/\/www.toque-musicall.com\/index.php?rest_route=\/wp\/v2\/posts"}],"about":[{"href":"https:\/\/www.toque-musicall.com\/index.php?rest_route=\/wp\/v2\/types\/post"}],"author":[{"embeddable":true,"href":"https:\/\/www.toque-musicall.com\/index.php?rest_route=\/wp\/v2\/users\/1"}],"replies":[{"embeddable":true,"href":"https:\/\/www.toque-musicall.com\/index.php?rest_route=%2Fwp%2Fv2%2Fcomments&post=7143"}],"version-history":[{"count":2,"href":"https:\/\/www.toque-musicall.com\/index.php?rest_route=\/wp\/v2\/posts\/7143\/revisions"}],"predecessor-version":[{"id":7147,"href":"https:\/\/www.toque-musicall.com\/index.php?rest_route=\/wp\/v2\/posts\/7143\/revisions\/7147"}],"wp:attachment":[{"href":"https:\/\/www.toque-musicall.com\/index.php?rest_route=%2Fwp%2Fv2%2Fmedia&parent=7143"}],"wp:term":[{"taxonomy":"category","embeddable":true,"href":"https:\/\/www.toque-musicall.com\/index.php?rest_route=%2Fwp%2Fv2%2Fcategories&post=7143"},{"taxonomy":"post_tag","embeddable":true,"href":"https:\/\/www.toque-musicall.com\/index.php?rest_route=%2Fwp%2Fv2%2Ftags&post=7143"}],"curies":[{"name":"wp","href":"https:\/\/api.w.org\/{rel}","templated":true}]}}