{"id":7145,"date":"2020-02-05T20:49:00","date_gmt":"2020-02-05T23:49:00","guid":{"rendered":"http:\/\/www.toque-musicall.com\/?p=7145"},"modified":"2020-02-06T20:51:08","modified_gmt":"2020-02-06T23:51:08","slug":"waldir-silva-saudade-presente-vol-2-1982","status":"publish","type":"post","link":"https:\/\/www.toque-musicall.com\/?p=7145","title":{"rendered":"Waldir Silva &#8211; Saudade Presente &#8211; Vol. 2 (1982)"},"content":{"rendered":"\n<figure class=\"wp-block-image size-large\"><img decoding=\"async\" src=\"https:\/\/1.bp.blogspot.com\/-_RFFBmAcK0w\/XjyfZ16AbwI\/AAAAAAAAQcc\/J5zB2197-dcbB4r9AenClRIV-I8n9QVRwCLcBGAsYHQ\/s640\/Anota%25C3%25A7%25C3%25A3o%2B2020-02-06%2B191430.jpg\" alt=\"\"\/><\/figure>\n\n\n\n<figure class=\"wp-block-image size-large\"><img decoding=\"async\" src=\"https:\/\/1.bp.blogspot.com\/-bTTRmNk4NXQ\/XjyfaOanApI\/AAAAAAAAQcg\/M1cxws-hfaM3nrqfmvdNGBWVRSdwX9LvwCLcBGAsYHQ\/s640\/Anota%25C3%25A7%25C3%25A3o%2B2020-02-06%2B191519.jpg\" alt=\"\"\/><\/figure>\n\n\n<p>Ol\u00e1, amigos cultos e ocultos! Como havia dito h\u00e1 alguns dias atr\u00e1s, estou adotando alguns discos &#8216;orf\u00e3os&#8217; que digitalizei para um blog de um amigo. Como tantos outros, n\u00e3o segurou a parada, abandonou o barco e saiu a nado&#8230; Assim sendo, tomo a liberdade de adotar todos os discos desse &#8216;barco a deriva&#8217;. E aqui vai mais um, o cavaquinista mineiro Waldir Silva, artista que aqui j\u00e1 dispensa maiores apresenta\u00e7\u00f5es, pois j\u00e1 postamos dele outros discos. &#8220;Saudade Presente &#8211; Vol. 2&#8221; foi um disco lan\u00e7ado, certamente, no in\u00edcio dos anos 70 (ou final dos 60) e reeditado em 82 pelo selo Beverly. Penso que este lp seja uma reedi\u00e7\u00e3o, por conta das grava\u00e7\u00f5es\/fonogramas que s\u00f3 de ouvir j\u00e1 se percebe que s\u00e3o mais antigas e tamb\u00e9m pela capa, cuja a imagem j\u00e1 foi usada em outros discos, inclusive pela Bemol\/Paladium. O repert\u00f3rio, recheados de cl\u00e1ssicos da nossa m\u00fasica popular se dividem em duplas numa mesma faixa. Um disco bem bacana e que s\u00f3 agora eu me dei conta de que ainda n\u00e3o havia postado o Vol. 1. Fico ent\u00e3o devendo para uma pr\u00f3xima oportunidade, ok?<\/p>\n<div>sertaneja<\/div>\n<div>palpite infeliz<\/div>\n<div>agora \u00e9 cinza<\/div>\n<div>feitio de ora\u00e7\u00e3o<\/div>\n<div>segredo<\/div>\n<div>mensagem<\/div>\n<div>arrependimento<\/div>\n<div>despedida da mangueira<\/div>\n<div>se acaso voc\u00ea chegasse<\/div>\n<div>saia do meu caminho<\/div>\n<div>da cor do pecado<\/div>\n<div>maria<\/div>\n<div>marina<\/div>\n<div>canta maria<\/div>\n<div>velho realejo<\/div>\n<div>morena boca de ouro<\/div>\n<div>morena rosa<\/div>\n<div>gosto que me enrosco<\/div>\n<div>jura<\/div>\n<div>senhor da floresta<\/div>\n<div>man\u00e9 fogueteiro<\/div>\n<div>o \u00e9brio<\/div>\n<p><br \/><br \/>.<\/p>","protected":false},"excerpt":{"rendered":"<p>Ol\u00e1, amigos cultos e ocultos! Como havia dito h\u00e1 alguns dias atr\u00e1s, estou adotando alguns discos &#8216;orf\u00e3os&#8217; que digitalizei para um blog de um amigo. Como tantos outros, n\u00e3o segurou a parada, abandonou o barco e saiu a nado&#8230; Assim &hellip; <a href=\"https:\/\/www.toque-musicall.com\/?p=7145\">Continue lendo <span class=\"meta-nav\">&rarr;<\/span><\/a><\/p>\n","protected":false},"author":1,"featured_media":0,"comment_status":"open","ping_status":"closed","sticky":false,"template":"","format":"standard","meta":{"footnotes":""},"categories":[55,853],"tags":[3111,3436],"class_list":["post-7145","post","type-post","status-publish","format-standard","hentry","category-selo-beverly","category-waldir-silva","tag-selo-beverly","tag-waldir-silva"],"_links":{"self":[{"href":"https:\/\/www.toque-musicall.com\/index.php?rest_route=\/wp\/v2\/posts\/7145","targetHints":{"allow":["GET"]}}],"collection":[{"href":"https:\/\/www.toque-musicall.com\/index.php?rest_route=\/wp\/v2\/posts"}],"about":[{"href":"https:\/\/www.toque-musicall.com\/index.php?rest_route=\/wp\/v2\/types\/post"}],"author":[{"embeddable":true,"href":"https:\/\/www.toque-musicall.com\/index.php?rest_route=\/wp\/v2\/users\/1"}],"replies":[{"embeddable":true,"href":"https:\/\/www.toque-musicall.com\/index.php?rest_route=%2Fwp%2Fv2%2Fcomments&post=7145"}],"version-history":[{"count":1,"href":"https:\/\/www.toque-musicall.com\/index.php?rest_route=\/wp\/v2\/posts\/7145\/revisions"}],"predecessor-version":[{"id":7146,"href":"https:\/\/www.toque-musicall.com\/index.php?rest_route=\/wp\/v2\/posts\/7145\/revisions\/7146"}],"wp:attachment":[{"href":"https:\/\/www.toque-musicall.com\/index.php?rest_route=%2Fwp%2Fv2%2Fmedia&parent=7145"}],"wp:term":[{"taxonomy":"category","embeddable":true,"href":"https:\/\/www.toque-musicall.com\/index.php?rest_route=%2Fwp%2Fv2%2Fcategories&post=7145"},{"taxonomy":"post_tag","embeddable":true,"href":"https:\/\/www.toque-musicall.com\/index.php?rest_route=%2Fwp%2Fv2%2Ftags&post=7145"}],"curies":[{"name":"wp","href":"https:\/\/api.w.org\/{rel}","templated":true}]}}