{"id":7148,"date":"2020-02-07T08:06:00","date_gmt":"2020-02-07T11:06:00","guid":{"rendered":"http:\/\/www.toque-musicall.com\/?p=7148"},"modified":"2020-02-09T08:13:16","modified_gmt":"2020-02-09T11:13:16","slug":"eles-cantam-antonio-carlos-jobim-selecao-78-rpm-do-toque-musical-vol-151-2019","status":"publish","type":"post","link":"https:\/\/www.toque-musicall.com\/?p=7148","title":{"rendered":"Eles Cantam Antonio Carlos Jobim &#8211; Sele\u00e7\u00e3o 78 RPM Do Toque Musical Vol. 151 (2019)"},"content":{"rendered":"\n<figure class=\"wp-block-image size-large\"><img decoding=\"async\" src=\"https:\/\/1.bp.blogspot.com\/-i2BlXNDY2bo\/Xj0ppPTyaiI\/AAAAAAAAQdI\/0DC8wFI1DxsqSBgpeE7Lxhcr1rPHBYOMwCLcBGAsYHQ\/s640\/Anota%25C3%25A7%25C3%25A3o%2B2020-01-30%2B204450.jpg\" alt=\"\"\/><\/figure>\n\n\n\n<figure class=\"wp-block-image size-large\"><img decoding=\"async\" src=\"https:\/\/1.bp.blogspot.com\/-jv1DeuPbylU\/Xj0poqLnB9I\/AAAAAAAAQdE\/4Cmw3JhZmm0QkkSI-iioLAG1GpbtVbCwwCLcBGAsYHQ\/s640\/Anota%25C3%25A7%25C3%25A3o%2B2020-01-30%2B204531.jpg\" alt=\"\"\/><\/figure>\n\n\n<p>Estamos de volta com o Grand Record Brazil, agora em seu volume 151. Na edi\u00e7\u00e3o anterior, apresentamos composi\u00e7\u00f5es da fase pr\u00e9-Bossa Nova de Ant\u00f4nio Carlos Jobim (ali\u00e1s, Tom Jobim) interpretadas por cantoras da \u00e9poca. Neste volume, apresentamos outras m\u00fasicas pr\u00e9-bossanovistas do mestre, agora com int\u00e9rpretes masculinos. Abrindo esta sele\u00e7\u00e3o, Roberto Paiva interpreta um samba da parceria de Jobim com Vin\u00edcius de Moraes, \u201cEu e o meu amor\u201d, que fez parte da pe\u00e7a teatral \u201cOrfeu da Concei\u00e7\u00e3o\u201d e foi lan\u00e7ado em novembro de 1956 pela Odeon, no LP de dez polegadas com seus melhores momentos. Paiva canta ainda, neste volume, outras tr\u00eas m\u00fasicas de Jobim e Vin\u00edcius, extra\u00eddas desse mesmo LP: os sambas \u201cLamento no morro\u201d (faixa 4)e \u201cMulher, sempre mulher\u201d (faixa 5), e, por fim, um cl\u00e1ssico do samba-can\u00e7\u00e3o na faixa 9: o bel\u00edssimo \u201cSe todos fossem iguais a voc\u00ea\u201d, sucesso permanente regravado in\u00fameras vezes. Na faixa 2, Ern\u00e2ni Filho, cantor carioca que come\u00e7ara no Cassino da Urca, em 1938, e era muito considerado por Ary Barroso, interpreta outro samba-can\u00e7\u00e3o, \u201cFaz uma semana\u201d, de Jobim em parceria com o baterista Juquinha Stockler. Foi lan\u00e7ado pela Sinter em junho de 1953, sob n\u00famero 00-00.236-B, matriz S-517. O lado A, matriz S-516, est\u00e1 na faixa 8: o samba-can\u00e7\u00e3o \u201cPensando em voc\u00ea\u201d, de Jobim sem parceiro. Ambas as m\u00fasicas, com suporte orquestral de L\u00edrio Panicalli, tamb\u00e9m sairiam no LP de dez polegadas \u201cPensando em voc\u00ea\u201d. A faixa 3 \u00e9 simplesmente a primeira composi\u00e7\u00e3o gravada de Ant\u00f4nio Carlos Jobim, em parceria com Newton Mendon\u00e7a: outro samba-can\u00e7\u00e3o com acompanhamento orquestral de L\u00edrio Panicalli, \u201cIncerteza\u201d, na voz de Mauricy Moura. \u00c9 tamb\u00e9m grava\u00e7\u00e3o Sinter, lan\u00e7ada em abril de 1953 sob n\u00famero 00-00.217-A, matriz S-463. Na faixa 6, Dick Farney, um dos mais importantes precursores da Bossa Nova, interpreta \u201cOutra vez\u201d, de Jobim sem parceiro, com acompanhamento orquestral de Alexandre Gnattali, irm\u00e3o de Radam\u00e9s. Grava\u00e7\u00e3o Continental de 7 de junho de 1954, uma segunda-feira, lan\u00e7ada entre esse m\u00eas e julho do mesmo ano sob n\u00famero 16969-A, matriz C-3357. Na faixa 7, o trombonista Raul de Barros, acompanhado de seu conjunto, sola o samba \u201cP\u00e9 grande\u201d, parceria de Jobim com Armando Cavalcanti, em grava\u00e7\u00e3o Odeon de 12 de julho de 1956, uma quinta-feira, lan\u00e7ada em outubro seguinte com o n\u00famero 14101-A, matriz 11226. Exatamente na sexta-feira 13, seguinte, acompanhado pela orquestra de Severino Filho, Bill Farr, gravou este mesmo samba com letra de Paulo Soledade e o t\u00edtulo mudado para \u201cSonho desfeito\u201d. \u00c9 a faixa 10 deste volume, que, curiosamente, seria lan\u00e7ada pela Continental antes da instrumental de Raul de Barros (agosto-setembro de 1956), sob n\u00famero 17330-B, matriz C-3853. Na faixa 11, um cl\u00e1ssico da MPB: \u201cTereza da praia\u201d, parceria de Jobim com Billy Blanco, gravado em dueto por Dick Farney e L\u00facio Alves (que o p\u00fablico ent\u00e3o supunha inimigos pessoais, mas na verdade sempre foram muito amigos) no mesmo dia de \u201cOutra vez\u201d (segunda-feira, 7 de junho de 1954) e lan\u00e7ado pela Continental no mesmo suplemento, com o n\u00famero 16994-A, matriz C-3401. O nome Tereza foi dado por causa da mulher de Tom Jobim, que tamb\u00e9m est\u00e1 ao piano com seu conjunto no acompanhamento. Para encerrar com chave de ouro este volume, a \u201cSinfonia do Rio de Janeiro (A montanha, o sol, o mar)\u201d, prosseguimento natural da parceria Jobim-Billy Blanco. \u00c9 uma \u201csinfonia popular em tempo de samba\u201d, gravada na Continental e lan\u00e7ada em dezembro de 1954, em LP de dez polegadas. Com suporte orquestral de Radam\u00e9s Gnattali, a grava\u00e7\u00e3o reuniu um time de int\u00e9rpretes da pesada: Dick Farney, Os Cariocas, Gilberto Milfont, Elizeth Cardoso, L\u00facio Alves, D\u00f3ris Monteiro, Emilinha Borba, Nora Ney e Jorge Goulart. \u00c9 um encerramento \u00e0 altura desta retrospectiva que o GRB faz da obra pr\u00e9-Bossa Nova de Ant\u00f4nio Carlos Jobim, ou simplesmente Tom Jobim, compositor, arranjador, maestro e pianista que ficar\u00e1 para sempre na hist\u00f3ria da m\u00fasica popular brasileira!&nbsp;<\/p>\n<div>eu e meu amor &#8211; roberto paiva<\/div>\n<div>faz uma semana &#8211; ernani filho<\/div>\n<div>incerteza &#8211; mauricy moura<\/div>\n<div>lamento no morro &#8211; roberto paiva<\/div>\n<div>outra vez &#8211; dick farney<\/div>\n<div>p\u00e9 grande &#8211; raul de barros<\/div>\n<div>pensando em voc\u00ea &#8211; ernani filho<\/div>\n<div>se todos fosse iguais a voc\u00ea &#8211; roberto paiva<\/div>\n<div>sonho desfeito &#8211; bill farr<\/div>\n<div>tereza da praia &#8211; l\u00facio alves e dick farney<\/div>\n<div>sinfonia do rio de janeiro &#8211; v\u00e1rios<\/div>\n<div>&nbsp;<\/div>\n<div>*Texto de Samuel Machado Filho<\/div>","protected":false},"excerpt":{"rendered":"<p>Estamos de volta com o Grand Record Brazil, agora em seu volume 151. Na edi\u00e7\u00e3o anterior, apresentamos composi\u00e7\u00f5es da fase pr\u00e9-Bossa Nova de Ant\u00f4nio Carlos Jobim (ali\u00e1s, Tom Jobim) interpretadas por cantoras da \u00e9poca. Neste volume, apresentamos outras m\u00fasicas pr\u00e9-bossanovistas &hellip; <a href=\"https:\/\/www.toque-musicall.com\/?p=7148\">Continue lendo <span class=\"meta-nav\">&rarr;<\/span><\/a><\/p>\n","protected":false},"author":1,"featured_media":0,"comment_status":"open","ping_status":"closed","sticky":false,"template":"","format":"standard","meta":{"footnotes":""},"categories":[135,11,13],"tags":[3438,3429,3439],"class_list":["post-7148","post","type-post","status-publish","format-standard","hentry","category-antonio-carlos-jobim","category-exclusivos-do-toque-musical","category-selo-grand-record-brazil","tag-antonio-carlos-jobim","tag-exclusivos-do-toque-musical","tag-selo-grand-record-brazil"],"_links":{"self":[{"href":"https:\/\/www.toque-musicall.com\/index.php?rest_route=\/wp\/v2\/posts\/7148","targetHints":{"allow":["GET"]}}],"collection":[{"href":"https:\/\/www.toque-musicall.com\/index.php?rest_route=\/wp\/v2\/posts"}],"about":[{"href":"https:\/\/www.toque-musicall.com\/index.php?rest_route=\/wp\/v2\/types\/post"}],"author":[{"embeddable":true,"href":"https:\/\/www.toque-musicall.com\/index.php?rest_route=\/wp\/v2\/users\/1"}],"replies":[{"embeddable":true,"href":"https:\/\/www.toque-musicall.com\/index.php?rest_route=%2Fwp%2Fv2%2Fcomments&post=7148"}],"version-history":[{"count":2,"href":"https:\/\/www.toque-musicall.com\/index.php?rest_route=\/wp\/v2\/posts\/7148\/revisions"}],"predecessor-version":[{"id":7150,"href":"https:\/\/www.toque-musicall.com\/index.php?rest_route=\/wp\/v2\/posts\/7148\/revisions\/7150"}],"wp:attachment":[{"href":"https:\/\/www.toque-musicall.com\/index.php?rest_route=%2Fwp%2Fv2%2Fmedia&parent=7148"}],"wp:term":[{"taxonomy":"category","embeddable":true,"href":"https:\/\/www.toque-musicall.com\/index.php?rest_route=%2Fwp%2Fv2%2Fcategories&post=7148"},{"taxonomy":"post_tag","embeddable":true,"href":"https:\/\/www.toque-musicall.com\/index.php?rest_route=%2Fwp%2Fv2%2Ftags&post=7148"}],"curies":[{"name":"wp","href":"https:\/\/api.w.org\/{rel}","templated":true}]}}