{"id":7151,"date":"2020-02-06T10:06:00","date_gmt":"2020-02-06T13:06:00","guid":{"rendered":"http:\/\/www.toque-musicall.com\/?p=7151"},"modified":"2020-02-09T10:11:56","modified_gmt":"2020-02-09T13:11:56","slug":"eleny-galvan-presenca-1990","status":"publish","type":"post","link":"https:\/\/www.toque-musicall.com\/?p=7151","title":{"rendered":"Eleny Galvan &#8211; Presen\u00e7a (1990)"},"content":{"rendered":"\n<figure class=\"wp-block-image size-large\"><img decoding=\"async\" src=\"https:\/\/1.bp.blogspot.com\/-alZdExd_2v8\/Xj_7JWOiiJI\/AAAAAAAAQeA\/zYHZAx7tyoIiIP-lIDlu2yeHd7rAPx05ACLcBGAsYHQ\/s640\/Anota%25C3%25A7%25C3%25A3o%2B2020-02-09%2B092407.jpg\" alt=\"\"\/><\/figure>\n\n\n\n<figure class=\"wp-block-image size-large\"><img decoding=\"async\" src=\"https:\/\/1.bp.blogspot.com\/-hbXKxO2z-fY\/Xj_7Js8DawI\/AAAAAAAAQeE\/Uy1YBw2ji-ERH9Ur-8L4F8oijGG__255wCLcBGAsYHQ\/s640\/Anota%25C3%25A7%25C3%25A3o%2B2020-02-09%2B092521.jpg\" alt=\"\"\/><\/figure>\n\n\n<p>Bom dia, amigos cultos e ocultos! Seguindo em nossa saga musical, temos para hoje a cantora Eleny Galvan. Um nome que talvez seja pouco conhecido do grande p\u00fablico e talvez por isso mesmo, aqui no Toque Musical, mere\u00e7a o nosso destaque. Eleny Galvan \u00e9 uma excelente cantora e compositora mineira. &#8220;Presen\u00e7a&#8221; foi seu primeiro disco e este gravado em Bel\u00e9m do Par\u00e1, onde morou por um tempo. O \u00e1lbum foi produzido por Paulo Andr\u00e9 Barata que tamb\u00e9m participa do disco no acompanhamento e arranjo. No lp n\u00e3o consta, infelizmente, a data de lan\u00e7amento, mas tudo leva a crer que foi no in\u00edcio da d\u00e9cada de 90 (me corrija, Eleny, se eu estiver errado). No repert\u00f3rio ela canta m\u00fasicas de sua autoria e tamb\u00e9m de outros compositores, tanto mineiros como paraenses. \u00c9 um trabalho bem bacana que nos revela uma grande cantora, tanto assim que traz na contracapa o reconhecimento de quem entende do assunto, gente da m\u00fasica. Ao ouvir &#8220;Presen\u00e7a&#8221;, logo se percebe as qualidades e potencial dessa cantora. De volta a Minas Gerais, ela continuou seu caminho musical vindo na sequencia a gravar outros discos. Ao que parece, ela gravou mais uns tr\u00eas cds. No Youtube \u00e9 poss\u00edvel conhecer esses outros trabalhos, que s\u00e3o tamb\u00e9m muito interessantes. Talvez, numa pr\u00f3xima oportunidade possamos aqui trazer mais coisas dela. N\u00e3o deixem de conferir no GTM&#8230;<\/p>\n<div>toda manh\u00e3<\/div>\n<div>o sonhador<\/div>\n<div>azura<\/div>\n<div>presen\u00e7a<\/div>\n<div>caminhos do rei<\/div>\n<div>vamos<\/div>\n<div>desacalanto<\/div>\n<div>don chicote<\/div>\n<div>depois do amor<\/div>\n<div>jeito de viver<\/div>\n<div>\u00a0<\/div>\n<div>\u00a0<\/div>\n<div>.<\/div>","protected":false},"excerpt":{"rendered":"<p>Bom dia, amigos cultos e ocultos! Seguindo em nossa saga musical, temos para hoje a cantora Eleny Galvan. Um nome que talvez seja pouco conhecido do grande p\u00fablico e talvez por isso mesmo, aqui no Toque Musical, mere\u00e7a o nosso &hellip; <a href=\"https:\/\/www.toque-musicall.com\/?p=7151\">Continue lendo <span class=\"meta-nav\">&rarr;<\/span><\/a><\/p>\n","protected":false},"author":1,"featured_media":0,"comment_status":"closed","ping_status":"closed","sticky":false,"template":"","format":"standard","meta":{"footnotes":""},"categories":[3440,25],"tags":[3441,3017],"class_list":["post-7151","post","type-post","status-publish","format-standard","hentry","category-eleny-galvan","category-selo-independente","tag-eleny-galvan","tag-selo-independente"],"_links":{"self":[{"href":"https:\/\/www.toque-musicall.com\/index.php?rest_route=\/wp\/v2\/posts\/7151","targetHints":{"allow":["GET"]}}],"collection":[{"href":"https:\/\/www.toque-musicall.com\/index.php?rest_route=\/wp\/v2\/posts"}],"about":[{"href":"https:\/\/www.toque-musicall.com\/index.php?rest_route=\/wp\/v2\/types\/post"}],"author":[{"embeddable":true,"href":"https:\/\/www.toque-musicall.com\/index.php?rest_route=\/wp\/v2\/users\/1"}],"replies":[{"embeddable":true,"href":"https:\/\/www.toque-musicall.com\/index.php?rest_route=%2Fwp%2Fv2%2Fcomments&post=7151"}],"version-history":[{"count":3,"href":"https:\/\/www.toque-musicall.com\/index.php?rest_route=\/wp\/v2\/posts\/7151\/revisions"}],"predecessor-version":[{"id":7154,"href":"https:\/\/www.toque-musicall.com\/index.php?rest_route=\/wp\/v2\/posts\/7151\/revisions\/7154"}],"wp:attachment":[{"href":"https:\/\/www.toque-musicall.com\/index.php?rest_route=%2Fwp%2Fv2%2Fmedia&parent=7151"}],"wp:term":[{"taxonomy":"category","embeddable":true,"href":"https:\/\/www.toque-musicall.com\/index.php?rest_route=%2Fwp%2Fv2%2Fcategories&post=7151"},{"taxonomy":"post_tag","embeddable":true,"href":"https:\/\/www.toque-musicall.com\/index.php?rest_route=%2Fwp%2Fv2%2Ftags&post=7151"}],"curies":[{"name":"wp","href":"https:\/\/api.w.org\/{rel}","templated":true}]}}