{"id":716,"date":"2010-09-14T09:01:00","date_gmt":"2010-09-14T09:01:00","guid":{"rendered":"http:\/\/www.toque-musicall.com\/?p=716"},"modified":"2010-09-14T09:01:00","modified_gmt":"2010-09-14T09:01:00","slug":"sergio-hinds-mar-1986","status":"publish","type":"post","link":"https:\/\/www.toque-musicall.com\/?p=716","title":{"rendered":"Sergio Hinds &#8211; Mar (1986)"},"content":{"rendered":"<p><a href=\"http:\/\/3.bp.blogspot.com\/_DSKVEvHtskc\/TI87osp3MYI\/AAAAAAAAHA0\/JhiBhCGdYN8\/s1600\/sergiop.JPG\"><img decoding=\"async\" style=\"TEXT-ALIGN: center; MARGIN: 0px auto 10px; WIDTH: 391px; DISPLAY: block; HEIGHT: 400px; CURSOR: hand\" id=\"BLOGGER_PHOTO_ID_5516693638919696770\" border=\"0\" alt=\"\" src=\"http:\/\/3.bp.blogspot.com\/_DSKVEvHtskc\/TI87osp3MYI\/AAAAAAAAHA0\/JhiBhCGdYN8\/s400\/sergiop.JPG\" \/><\/a> Bom dia, amigos cultos e ocultos! Hoje eu n\u00e3o vou me complicar. Antes mesmo do caf\u00e9, quero j\u00e1 deixar aqui o meu recado. Tenho ainda uma boa e variada rela\u00e7\u00e3o de discos para a semana, contudo, essa onda pop rock morre na praia na sexta feira. Eu bem que gosto de fazer essas semanas dedicadas a um determinado g\u00eanero de disco, s\u00f3 que quando vai chegando na segunda leva eu j\u00e1 estou doidinho para &#8216;virar o disco&#8217;.<br \/>Certa vez eu postei um disco aqui no blog e ca\u00ed na bobagem de dizer que o achava ruim. Algu\u00e9m do outro lado logo comentou, ent\u00e3o porque postar o disco? Foi nesse momento que eu percebi que mais do que postar algo que n\u00e3o me agrada musicalmente, eu deveria me preocupar com as minhas afirma\u00e7\u00f5es e com o sentido que quero dar a elas. O Toque Musical n\u00e3o contempla apenas o meu gosto pessoal, mas principalmente a curiosidade e o interesse por coisas diversas que talvez agradar\u00e3o \u00e0 outros. \u00c9 mais ou menos por a\u00ed o sentido tamb\u00e9m desta postagem.<br \/>S\u00e9rgio Hinds \u00e9 sem d\u00favida outro grande nome da guitarra brasileira. Fundador e principal nome da lend\u00e1ria banda O Ter\u00e7o, o cara tem muita bagagem e toca horrores. Al\u00e9m do trabalho com o grupo, ele j\u00e1 acompanhou e gravou com alguns dos mais importantes artistas da m\u00fasica brasileira. Entre os diferentes projetos que ele j\u00e1 se envolveu, temos o lp &#8220;Mar&#8221;, uma produ\u00e7\u00e3o independente, lan\u00e7ada em 1986. Ta\u00ed um disco que \u00e9 a cara dos anos 80, sint\u00e9tico e muito &#8216;iMIDIato&#8217;, cheio de recursos eletr\u00f4nicos que (para mim) s\u00f3 emba\u00e7am a beleza da melodia. Na d\u00e9cada de 80 o povo abusou da eletr\u00f4nica, encantados com os sons, os recursos e facilidades, bastava ligar o &#8216;play back&#8217; e sozinho o m\u00fasico se transformava numa orquestra. N\u00e3o \u00e9 o caso do S\u00e9rgio, claro, mas as semelhan\u00e7as aproximam e as vezes at\u00e9 enganam. Para mim, o grande pecado dos anos 80 est\u00e1 nisso, nos efeitos especiais e superficiais. Conhe\u00e7o m\u00fasicos que se pudessem fariam uma releitura de seus trabalhos daquela \u00e9poca, n\u00e3o porque fizeram sucesso e mere\u00e7am voltar, mas para dar uma roupagem mais digna e eterna a sua arte. Acho que \u00e9 por isso que existem outros int\u00e9rpretes e vers\u00f5es. Bom, o disco n\u00e3o me agradou, mas tamb\u00e9m n\u00e3o desagradou. Foi como os anos 80, passou&#8230;<\/p>\n<div align=\"center\">saxual<\/div>\n<div align=\"center\">marear<\/div>\n<div align=\"center\">ventre<\/div>\n<div align=\"center\">automotiva<\/div>\n<div align=\"center\">mirimai<\/div>\n<div align=\"center\">seu zeca<\/div>\n<div align=\"center\"> <\/div>\n<div align=\"center\"> <\/div>\n","protected":false},"excerpt":{"rendered":"<p>Bom dia, amigos cultos e ocultos! Hoje eu n\u00e3o vou me complicar. Antes mesmo do caf\u00e9, quero j\u00e1 deixar aqui o meu recado. Tenho ainda uma boa e variada rela\u00e7\u00e3o de discos para a semana, contudo, essa onda pop rock &hellip; <a href=\"https:\/\/www.toque-musicall.com\/?p=716\">Continue lendo <span class=\"meta-nav\">&rarr;<\/span><\/a><\/p>\n","protected":false},"author":1,"featured_media":0,"comment_status":"open","ping_status":"closed","sticky":false,"template":"","format":"standard","meta":{"footnotes":""},"categories":[1020],"tags":[],"class_list":["post-716","post","type-post","status-publish","format-standard","hentry","category-sergio-hinds"],"_links":{"self":[{"href":"https:\/\/www.toque-musicall.com\/index.php?rest_route=\/wp\/v2\/posts\/716","targetHints":{"allow":["GET"]}}],"collection":[{"href":"https:\/\/www.toque-musicall.com\/index.php?rest_route=\/wp\/v2\/posts"}],"about":[{"href":"https:\/\/www.toque-musicall.com\/index.php?rest_route=\/wp\/v2\/types\/post"}],"author":[{"embeddable":true,"href":"https:\/\/www.toque-musicall.com\/index.php?rest_route=\/wp\/v2\/users\/1"}],"replies":[{"embeddable":true,"href":"https:\/\/www.toque-musicall.com\/index.php?rest_route=%2Fwp%2Fv2%2Fcomments&post=716"}],"version-history":[{"count":0,"href":"https:\/\/www.toque-musicall.com\/index.php?rest_route=\/wp\/v2\/posts\/716\/revisions"}],"wp:attachment":[{"href":"https:\/\/www.toque-musicall.com\/index.php?rest_route=%2Fwp%2Fv2%2Fmedia&parent=716"}],"wp:term":[{"taxonomy":"category","embeddable":true,"href":"https:\/\/www.toque-musicall.com\/index.php?rest_route=%2Fwp%2Fv2%2Fcategories&post=716"},{"taxonomy":"post_tag","embeddable":true,"href":"https:\/\/www.toque-musicall.com\/index.php?rest_route=%2Fwp%2Fv2%2Ftags&post=716"}],"curies":[{"name":"wp","href":"https:\/\/api.w.org\/{rel}","templated":true}]}}