{"id":7164,"date":"2020-02-11T23:08:31","date_gmt":"2020-02-12T02:08:31","guid":{"rendered":"http:\/\/www.toque-musicall.com\/?p=7164"},"modified":"2020-02-11T23:08:31","modified_gmt":"2020-02-12T02:08:31","slug":"os-bossa-tres-1963","status":"publish","type":"post","link":"https:\/\/www.toque-musicall.com\/?p=7164","title":{"rendered":"Os Bossa Tr\u00eas (1963)"},"content":{"rendered":"\n<figure class=\"wp-block-image size-large\"><img decoding=\"async\" src=\"https:\/\/1.bp.blogspot.com\/-FR6I19PRSlU\/XkNX9YwWQKI\/AAAAAAAAQfc\/_APWiwUwlOkNOFzpg-B0hwAuIfjv4l4eACLcBGAsYHQ\/s640\/Anota%25C3%25A7%25C3%25A3o%2B2020-02-11%2B224553.jpg\" alt=\"\"\/><\/figure>\n\n\n\n<figure class=\"wp-block-image size-large\"><img decoding=\"async\" src=\"https:\/\/1.bp.blogspot.com\/-nsB3XvTO1ss\/XkNX9eGt_7I\/AAAAAAAAQfg\/mB4xGa6-28gkcBQX4yUXpm4ST_R7n4nvwCLcBGAsYHQ\/s640\/Anota%25C3%25A7%25C3%25A3o%2B2020-02-11%2B224647.jpg\" alt=\"\"\/><\/figure>\n\n\n<p>Boa noite, amigos cultos e ocultos! No nosso sortido leque musical, hoje trago para voc\u00eas o primeiro grupo instrumental de Bossa Nova, o lend\u00e1rio Bossa Tr\u00eas. Este disco n\u00e3o \u00e9 novidade para o grande p\u00fablico dos blogs musicais. J\u00e1 foi postado em v\u00e1rios blogs, inclusive o tamb\u00e9m j\u00e1 lend\u00e1rio Loronix. Trata-se de um cl\u00e1ssico do samba-jazz, da bossa e da m\u00fasica brasileira. O Bossa Tr\u00eas era formado pelas feras Luis Carlos Vinhas ao piano, Sebasti\u00e3o Neto no contrabaixo e Edison Machado na bateria. Um &#8216;power trio&#8217; de jazz que dispensa maiores coment\u00e1rios. Este lp foi gravado originalmente nos Estados Unidos, motivado em muito pelo sucesso em suas apresenta\u00e7\u00f5es por l\u00e1 e em especial no programa de TV de Ed Sullivan, por onde passaram tantos outros artistas c\u00e9lebres. O \u00e1lbum tamb\u00e9m chegou a ser lan\u00e7ado por aqui, naturalmente, atrav\u00e9s do selo Audio Fidelity do Brasil, creio que no ano seguinte, 1964. Confiram essa p\u00e9rola no GTM.<\/p>\n<div>blues walk<\/div>\n<div>c\u00e9u e mar<\/div>\n<div>green dolphin street<\/div>\n<div>menina feia<\/div>\n<div>sol e chuva<\/div>\n<div>olhou pra mim<\/div>\n<div>bossa 3 theme<\/div>\n<div>n\u00e3o faz assim<\/div>\n<div>somebody loves me<\/div>\n<div>s\u00f3 saudade<\/div>\n<div>influencia do jazz<\/div>\n<div>zel\u00e3o<\/div>\n<p><br \/><br \/><\/p>","protected":false},"excerpt":{"rendered":"<p>Boa noite, amigos cultos e ocultos! No nosso sortido leque musical, hoje trago para voc\u00eas o primeiro grupo instrumental de Bossa Nova, o lend\u00e1rio Bossa Tr\u00eas. Este disco n\u00e3o \u00e9 novidade para o grande p\u00fablico dos blogs musicais. J\u00e1 foi &hellip; <a href=\"https:\/\/www.toque-musicall.com\/?p=7164\">Continue lendo <span class=\"meta-nav\">&rarr;<\/span><\/a><\/p>\n","protected":false},"author":1,"featured_media":0,"comment_status":"open","ping_status":"closed","sticky":false,"template":"","format":"standard","meta":{"footnotes":""},"categories":[1996,455],"tags":[3446],"class_list":["post-7164","post","type-post","status-publish","format-standard","hentry","category-bossa-tres","category-selo-audio-fidelity","tag-bossa-tres"],"_links":{"self":[{"href":"https:\/\/www.toque-musicall.com\/index.php?rest_route=\/wp\/v2\/posts\/7164","targetHints":{"allow":["GET"]}}],"collection":[{"href":"https:\/\/www.toque-musicall.com\/index.php?rest_route=\/wp\/v2\/posts"}],"about":[{"href":"https:\/\/www.toque-musicall.com\/index.php?rest_route=\/wp\/v2\/types\/post"}],"author":[{"embeddable":true,"href":"https:\/\/www.toque-musicall.com\/index.php?rest_route=\/wp\/v2\/users\/1"}],"replies":[{"embeddable":true,"href":"https:\/\/www.toque-musicall.com\/index.php?rest_route=%2Fwp%2Fv2%2Fcomments&post=7164"}],"version-history":[{"count":1,"href":"https:\/\/www.toque-musicall.com\/index.php?rest_route=\/wp\/v2\/posts\/7164\/revisions"}],"predecessor-version":[{"id":7165,"href":"https:\/\/www.toque-musicall.com\/index.php?rest_route=\/wp\/v2\/posts\/7164\/revisions\/7165"}],"wp:attachment":[{"href":"https:\/\/www.toque-musicall.com\/index.php?rest_route=%2Fwp%2Fv2%2Fmedia&parent=7164"}],"wp:term":[{"taxonomy":"category","embeddable":true,"href":"https:\/\/www.toque-musicall.com\/index.php?rest_route=%2Fwp%2Fv2%2Fcategories&post=7164"},{"taxonomy":"post_tag","embeddable":true,"href":"https:\/\/www.toque-musicall.com\/index.php?rest_route=%2Fwp%2Fv2%2Ftags&post=7164"}],"curies":[{"name":"wp","href":"https:\/\/api.w.org\/{rel}","templated":true}]}}