{"id":7170,"date":"2020-02-14T21:31:00","date_gmt":"2020-02-15T00:31:00","guid":{"rendered":"http:\/\/www.toque-musicall.com\/?p=7170"},"modified":"2020-02-16T23:00:22","modified_gmt":"2020-02-17T02:00:22","slug":"claudionor-germano-e-orquestra-de-frevos-nelson-ferreira-baile-da-saudade-i-1975","status":"publish","type":"post","link":"https:\/\/www.toque-musicall.com\/?p=7170","title":{"rendered":"Claudionor Germano E Orquestra De Frevos Nelson Ferreira &#8211; Baile Da Saudade I (1975)"},"content":{"rendered":"\n<figure class=\"wp-block-image size-large\"><img decoding=\"async\" src=\"https:\/\/1.bp.blogspot.com\/-I6nci3kqWzw\/XkiBUyxiMuI\/AAAAAAAAQgQ\/ffxNnZ36QtsEqPTu6-R3VL75wx2AcKcFQCLcBGAsYHQ\/s640\/Anota%25C3%25A7%25C3%25A3o%2B2020-02-15%2B204754.jpg\" alt=\"\"\/><\/figure>\n\n\n\n<figure class=\"wp-block-image size-large\"><img decoding=\"async\" src=\"https:\/\/1.bp.blogspot.com\/-B5YcSFgl0OU\/XkiBU0IsEtI\/AAAAAAAAQgU\/gORisjEswLAqprJegZa0E_Z-G2b5lMUCwCLcBGAsYHQ\/s640\/Anota%25C3%25A7%25C3%25A3o%2B2020-02-15%2B204911.jpg\" alt=\"\"\/><\/figure>\n\n\n<p>Ol\u00e1 amigos cultos e ocultos! E n\u00e3o \u00e9 que o Carnaval chegou? J\u00e1 est\u00e1 por a\u00ed, batendo na porta. A festa est\u00e1 s\u00f3 come\u00e7ando. E desta vez, vamos juntos nesse embalo, postando aqui alguns disquinhos especiais para animar o seu carnaval. Vou come\u00e7ar trazendo um disco do Carnaval de Pernambuco, uma produ\u00e7\u00e3o do selo Rozenblit, o &#8220;Baile da Saudade&#8221;, com a Orquestra de Frevos Nelson Ferreira e o cantor Claudionor Germano. Este lp nos apresenta um verdadeiro pot-pourri carnavalesco com v\u00e1rios cl\u00e1ssicos, entre frevos e machinhas. O &#8220;Baile da Saudade&#8221; surgiu nos anos 70, no Recife. Uma festa de sal\u00e3o que ficou famosa por conta de sua anima\u00e7\u00e3o, orquestra boa e de verdade. Coisa que chamou a aten\u00e7\u00e3o da gravadora Rozenblit, que veio a produzir esta s\u00e9rie de (creio eu) tr\u00eas volumes. Aqui o primeiro, com temas bem conhecidos do grande p\u00fablico. Dividido em quatro faixa, cada qual um pot-pourri, de forma a n\u00e3o deixar o foli\u00e3o parar. Embarque nessa&#8230;<\/p>\n<div>z\u00e9 pereira<\/div>\n<div>evoh\u00e9<\/div>\n<div>cidade maravilhosa<\/div>\n<div>veneza americana<\/div>\n<div>marcha n.1 do clube vassourinhas<\/div>\n<div>frevo n. 1<\/div>\n<div>a jardineira<\/div>\n<div>aurora<\/div>\n<div>oh bela<\/div>\n<div>ala l\u00e1 \u00f4<\/div>\n<div>o teu cabelo n\u00e3o nega<\/div>\n<div>voltei recife<\/div>\n<div>pierrot apaixonado<\/div>\n<div>\u00e9 assim<\/div>\n<div>amor de marinheiro<\/div>\n<div>o sonho que durou tr\u00eas dias<\/div>\n<div>linda morena<\/div>\n<div>rasguei a minha fantasia<\/div>\n<div>jacar\u00e9 comprou cadeira<\/div>\n<div>as pastorinhas<\/div>\n<div>malmequer<\/div>\n<div>bandeira branca<\/div>\n<div>frevo n. 1<\/div>\n<div>saudade<\/div>\n<div>\u00e9 de fazer chorar<\/div>\n<div>\u00a0<\/div>\n<div>\u00a0<\/div>\n<div>.<\/div>","protected":false},"excerpt":{"rendered":"<p>Ol\u00e1 amigos cultos e ocultos! E n\u00e3o \u00e9 que o Carnaval chegou? J\u00e1 est\u00e1 por a\u00ed, batendo na porta. A festa est\u00e1 s\u00f3 come\u00e7ando. E desta vez, vamos juntos nesse embalo, postando aqui alguns disquinhos especiais para animar o seu &hellip; <a href=\"https:\/\/www.toque-musicall.com\/?p=7170\">Continue lendo <span class=\"meta-nav\">&rarr;<\/span><\/a><\/p>\n","protected":false},"author":1,"featured_media":0,"comment_status":"open","ping_status":"closed","sticky":false,"template":"","format":"standard","meta":{"footnotes":""},"categories":[3451,3453,354],"tags":[3452,3454],"class_list":["post-7170","post","type-post","status-publish","format-standard","hentry","category-claudionor-germano","category-orquestra-de-frevos-nelson-ferreira","category-selo-rozenblit","tag-claudionor-germano","tag-orquestra-de-frevos-nelson-ferreira"],"_links":{"self":[{"href":"https:\/\/www.toque-musicall.com\/index.php?rest_route=\/wp\/v2\/posts\/7170","targetHints":{"allow":["GET"]}}],"collection":[{"href":"https:\/\/www.toque-musicall.com\/index.php?rest_route=\/wp\/v2\/posts"}],"about":[{"href":"https:\/\/www.toque-musicall.com\/index.php?rest_route=\/wp\/v2\/types\/post"}],"author":[{"embeddable":true,"href":"https:\/\/www.toque-musicall.com\/index.php?rest_route=\/wp\/v2\/users\/1"}],"replies":[{"embeddable":true,"href":"https:\/\/www.toque-musicall.com\/index.php?rest_route=%2Fwp%2Fv2%2Fcomments&post=7170"}],"version-history":[{"count":2,"href":"https:\/\/www.toque-musicall.com\/index.php?rest_route=\/wp\/v2\/posts\/7170\/revisions"}],"predecessor-version":[{"id":7176,"href":"https:\/\/www.toque-musicall.com\/index.php?rest_route=\/wp\/v2\/posts\/7170\/revisions\/7176"}],"wp:attachment":[{"href":"https:\/\/www.toque-musicall.com\/index.php?rest_route=%2Fwp%2Fv2%2Fmedia&parent=7170"}],"wp:term":[{"taxonomy":"category","embeddable":true,"href":"https:\/\/www.toque-musicall.com\/index.php?rest_route=%2Fwp%2Fv2%2Fcategories&post=7170"},{"taxonomy":"post_tag","embeddable":true,"href":"https:\/\/www.toque-musicall.com\/index.php?rest_route=%2Fwp%2Fv2%2Ftags&post=7170"}],"curies":[{"name":"wp","href":"https:\/\/api.w.org\/{rel}","templated":true}]}}