{"id":7172,"date":"2020-02-15T23:54:11","date_gmt":"2020-02-16T02:54:11","guid":{"rendered":"http:\/\/www.toque-musicall.com\/?p=7172"},"modified":"2020-02-15T23:54:11","modified_gmt":"2020-02-16T02:54:11","slug":"paulinho-nogueira-agua-branca-1983","status":"publish","type":"post","link":"https:\/\/www.toque-musicall.com\/?p=7172","title":{"rendered":"Paulinho Nogueira &#8211; \u00c1gua Branca (1983)"},"content":{"rendered":"\n<figure class=\"wp-block-image size-large\"><img decoding=\"async\" src=\"https:\/\/1.bp.blogspot.com\/--IxJi1WCeSM\/XkisMRL4jvI\/AAAAAAAAQgk\/nKhqTBTi4q4iQP8HQh4BgB7M1FNjoYzWQCLcBGAsYHQ\/s640\/Anota%25C3%25A7%25C3%25A3o%2B2020-02-09%2B152011.jpg\" alt=\"\"\/><\/figure>\n\n\n\n<figure class=\"wp-block-image size-large\"><img decoding=\"async\" src=\"https:\/\/1.bp.blogspot.com\/-2mFDzXFvtAs\/XkisNemFeEI\/AAAAAAAAQgo\/VcsTtmi7LS0hLrgvdSHyl4xQC3-wOrWoQCEwYBhgL\/s640\/Anota%25C3%25A7%25C3%25A3o%2B2020-02-09%2B151457.jpg\" alt=\"\"\/><\/figure>\n\n\n<div class=\"article-content entry-content\">Ol\u00e1, amigos cultos e ocultos! Mais uma vez, bate ponto em nosso Toque Musical o cantor, compositor e violonista Paulo Artur Mendes Pupo Nogueira, ou, como ficou para a posteridade, Paulinho Nogueira (Campinas, SP, 8\/10\/1929-S\u00e3o Paulo, 2\/8\/2003). Desta vez apresentamos \u201c\u00c1gua Branca\u201d, lan\u00e7ado em 1983 pela gravadora Eldorado. Desde a inf\u00e2ncia, Paulinho manifestou tend\u00eancia para as artes, principalmente desenho e m\u00fasica, atrav\u00e9s do viol\u00e3o, que come\u00e7ou a tocar aos dez anos de idade. Ao terminar o colegial, mudou-se de Campinas para S\u00e3o Paulo, onde iniciou sua carreira art\u00edstica, tocando em boates e nas r\u00e1dios Bandeirantes e Gazeta. Foi professor de viol\u00e3o (um de seus alunos foi Toquinho) e desenvolveu um m\u00e9todo pr\u00f3prio de ensino do instrumento, al\u00e9m de ter inventado a craviola. Teve m\u00fasicas gravadas por grandes nomes, como Jane Duboc, Jair Rodrigues, Yamand\u00fa Costa e Badi Assad. Entre seus sucessos, destacam-se \u201cMenina\u201d, \u201cMenino, desce da\u00ed\u201d, \u201cMenino jogando bola\u201d e \u201cO jogo \u00e9 hoje\u201d (cujo t\u00edtulo original era \u201cBola branca\u201d). Em 1983, ap\u00f3s quatro anos sem gravar, Paulinho Nogueira lan\u00e7ou justamente este \u201c\u00c1gua Branca\u201d, que o TM apresenta hoje. O disco \u00e9 formado por dez m\u00fasicas cantadas, quase todas de sua autoria com parceiros, com arranjos e piano de N\u00e9lson Ayres, e viol\u00e3o, claro, do pr\u00f3prio Paulinho. Segundo ele, \u201cde certa forma, N\u00e9lson Ayres pode ser considerado como um parceiro meu em todas as m\u00fasicas, pelo muito que acrescentou, tanto na forma como no movimento. Seus arranjos me deixaram \u00e0 vontade e me fizeram sentir ainda mais o instrumento\u201d. H\u00e1 ainda a participa\u00e7\u00e3o de m\u00fasicos como Heraldo do Monte no bandolim, Papete e Oswaldinho na percuss\u00e3o, Roberto Sion no sax-alto e Zeca Assump\u00e7\u00e3o no contrabaixo. A faixa-t\u00edtulo, \u201c\u00c1gua Branca\u201d, \u00e9 uma alus\u00e3o ao Parque da \u00c1gua Branca, de S\u00e3o Paulo (na contracapa h\u00e1 v\u00e1rias fotos do parque) e, ainda segundo o pr\u00f3prio Paulinho Nogueira, \u201ccaracteriza todo o clima do disco, ou seja, a natureza\u201d. No mais, \u00e9 um dos melhores trabalhos de Paulinho, e vale a pena conferir mais este disco seu.<br \/><br \/>\n<div>dan\u00e7a das abelhas<\/div>\n<div>viol\u00e3o de madeira<\/div>\n<div>caminhantes<\/div>\n<div>vida e mar<\/div>\n<div>parque da \u00e1gua branca<\/div>\n<div>o que eu trouxe pra te dar<\/div>\n<div>cora\u00e7\u00e3o de strass<\/div>\n<div>boneca<\/div>\n<div>uma nova vida<\/div>\n<div>modinha<\/div>\n<br \/><br \/><br \/>*Texto de Samuel Machado Filho<\/div>\n<div class=\"article-footer\">\u00a0<\/div>","protected":false},"excerpt":{"rendered":"<p>Ol\u00e1, amigos cultos e ocultos! Mais uma vez, bate ponto em nosso Toque Musical o cantor, compositor e violonista Paulo Artur Mendes Pupo Nogueira, ou, como ficou para a posteridade, Paulinho Nogueira (Campinas, SP, 8\/10\/1929-S\u00e3o Paulo, 2\/8\/2003). Desta vez apresentamos &hellip; <a href=\"https:\/\/www.toque-musicall.com\/?p=7172\">Continue lendo <span class=\"meta-nav\">&rarr;<\/span><\/a><\/p>\n","protected":false},"author":1,"featured_media":0,"comment_status":"open","ping_status":"closed","sticky":false,"template":"","format":"standard","meta":{"footnotes":""},"categories":[410,1264],"tags":[3160,3114],"class_list":["post-7172","post","type-post","status-publish","format-standard","hentry","category-paulinho-nogueira","category-selo-estudio-eldorado","tag-paulinho-nogueira","tag-selo-estudio-eldorado"],"_links":{"self":[{"href":"https:\/\/www.toque-musicall.com\/index.php?rest_route=\/wp\/v2\/posts\/7172","targetHints":{"allow":["GET"]}}],"collection":[{"href":"https:\/\/www.toque-musicall.com\/index.php?rest_route=\/wp\/v2\/posts"}],"about":[{"href":"https:\/\/www.toque-musicall.com\/index.php?rest_route=\/wp\/v2\/types\/post"}],"author":[{"embeddable":true,"href":"https:\/\/www.toque-musicall.com\/index.php?rest_route=\/wp\/v2\/users\/1"}],"replies":[{"embeddable":true,"href":"https:\/\/www.toque-musicall.com\/index.php?rest_route=%2Fwp%2Fv2%2Fcomments&post=7172"}],"version-history":[{"count":1,"href":"https:\/\/www.toque-musicall.com\/index.php?rest_route=\/wp\/v2\/posts\/7172\/revisions"}],"predecessor-version":[{"id":7173,"href":"https:\/\/www.toque-musicall.com\/index.php?rest_route=\/wp\/v2\/posts\/7172\/revisions\/7173"}],"wp:attachment":[{"href":"https:\/\/www.toque-musicall.com\/index.php?rest_route=%2Fwp%2Fv2%2Fmedia&parent=7172"}],"wp:term":[{"taxonomy":"category","embeddable":true,"href":"https:\/\/www.toque-musicall.com\/index.php?rest_route=%2Fwp%2Fv2%2Fcategories&post=7172"},{"taxonomy":"post_tag","embeddable":true,"href":"https:\/\/www.toque-musicall.com\/index.php?rest_route=%2Fwp%2Fv2%2Ftags&post=7172"}],"curies":[{"name":"wp","href":"https:\/\/api.w.org\/{rel}","templated":true}]}}