{"id":7174,"date":"2020-02-16T22:57:37","date_gmt":"2020-02-17T01:57:37","guid":{"rendered":"http:\/\/www.toque-musicall.com\/?p=7174"},"modified":"2020-02-16T22:57:37","modified_gmt":"2020-02-17T01:57:37","slug":"roberto-canhoto-pedacinhos-do-ceu-1971","status":"publish","type":"post","link":"https:\/\/www.toque-musicall.com\/?p=7174","title":{"rendered":"Roberto Canhoto &#8211; Pedacinhos Do C\u00e9u (1971)"},"content":{"rendered":"\n<figure class=\"wp-block-image size-large\"><img decoding=\"async\" src=\"https:\/\/1.bp.blogspot.com\/-wX9gaytTlTc\/XknqIBmJIUI\/AAAAAAAAQg8\/bfvZMN1I6aE1H0xTEzwNnICZWJSGA0BwACLcBGAsYHQ\/s640\/lp-pedacinhos-do-ceu-roberto-canhoto-D_NQ_NP_6365-MLB5055617983_092013-F.jpg\" alt=\"\"\/><\/figure>\n\n\n\n<figure class=\"wp-block-image size-large\"><img decoding=\"async\" src=\"https:\/\/1.bp.blogspot.com\/-3Go-g8qAadk\/XknqH7XWrLI\/AAAAAAAAQg4\/49ZzxzYy2QUHtMs9AhubLk6ZCAxe8BGtACLcBGAsYHQ\/s640\/Anota%25C3%25A7%25C3%25A3o%2B2020-02-16%2B222515.jpg\" alt=\"\"\/><\/figure>\n\n\n<div class=\"article-content entry-content\">Boa noite aos amigos cultos e ocultos! Embora estejamos no per\u00edodo de carnaval, nem tudo \u00e9 s\u00f3 folia, temos muitos outros toques musicais para mostrar e ouvir. Vamos tamb\u00e9m de chorinho e em especial destaque para o cavaquinho, apresentando o cavaquinista Roberto Barbosa, mais conhecido como Canhotinho do Cavaquinho. Foi considerado pelo pr\u00f3prio Waldir Silva um dos melhores instrumentista e seu leg\u00edtimo sucessor. Canhotinho foi tamb\u00e9m integrante do grupo Os Dem\u00f4nios da Garoa, de 62 a 89, retornando ao conjunto dez anos depois. Acompanhou o regional do flautista Carlos Poyares e tamb\u00e9m criou o conjunto Caras &amp; Coroas. Como solista teve v\u00e1rios discos gravados e entre os quais destacamos este &#8220;Pedacinhos do C\u00e9u&#8221;, originalmente gravado em 1971 pelo selo\u00a0 Vit\u00f3ria. Em 74 ele voltaria a ser relan\u00e7ado pela Discos Beverly atrav\u00e9s de seu selo AMC. O lp traz uma s\u00e9rie de cl\u00e1ssicos do Choro. M\u00fasicas de Ernesto Nazareth, Jacob do Bandolim, Waldir Azevedo, al\u00e9m temas internacionais e autoral. Disquinho bacana que certamente ir\u00e1 agradar aos amantes do Choro. Confiram no GTM.<br \/><br \/>\n<div>doce de c\u00f4co<\/div>\n<div>carioquinha<\/div>\n<div>brejeiro\u00a0<\/div>\n<div>v\u00ea se gostas<\/div>\n<div>la golondrina<\/div>\n<div>poema de amor<\/div>\n<div>pedacinhos do c\u00e9u<\/div>\n<div>delicado<\/div>\n<div>vai pro c\u00e9u<\/div>\n<div>tema de lara<\/div>\n<div>m\u00e1goas de cavaquinho<\/div>\n<div>segura viol\u00e3o<\/div>\n<div>\u00a0<\/div>\n<br \/>.<\/div>\n<div class=\"article-footer\">\n<div class=\"publish-info\">Postado\u00a0<\/div>\n<\/div>","protected":false},"excerpt":{"rendered":"<p>Boa noite aos amigos cultos e ocultos! Embora estejamos no per\u00edodo de carnaval, nem tudo \u00e9 s\u00f3 folia, temos muitos outros toques musicais para mostrar e ouvir. Vamos tamb\u00e9m de chorinho e em especial destaque para o cavaquinho, apresentando o &hellip; <a href=\"https:\/\/www.toque-musicall.com\/?p=7174\">Continue lendo <span class=\"meta-nav\">&rarr;<\/span><\/a><\/p>\n","protected":false},"author":1,"featured_media":0,"comment_status":"open","ping_status":"closed","sticky":false,"template":"","format":"standard","meta":{"footnotes":""},"categories":[3455,172,3456],"tags":[3011],"class_list":["post-7174","post","type-post","status-publish","format-standard","hentry","category-roberto-canhoto","category-selo-amc","category-selo-vitoria","tag-selo-amc"],"_links":{"self":[{"href":"https:\/\/www.toque-musicall.com\/index.php?rest_route=\/wp\/v2\/posts\/7174","targetHints":{"allow":["GET"]}}],"collection":[{"href":"https:\/\/www.toque-musicall.com\/index.php?rest_route=\/wp\/v2\/posts"}],"about":[{"href":"https:\/\/www.toque-musicall.com\/index.php?rest_route=\/wp\/v2\/types\/post"}],"author":[{"embeddable":true,"href":"https:\/\/www.toque-musicall.com\/index.php?rest_route=\/wp\/v2\/users\/1"}],"replies":[{"embeddable":true,"href":"https:\/\/www.toque-musicall.com\/index.php?rest_route=%2Fwp%2Fv2%2Fcomments&post=7174"}],"version-history":[{"count":1,"href":"https:\/\/www.toque-musicall.com\/index.php?rest_route=\/wp\/v2\/posts\/7174\/revisions"}],"predecessor-version":[{"id":7175,"href":"https:\/\/www.toque-musicall.com\/index.php?rest_route=\/wp\/v2\/posts\/7174\/revisions\/7175"}],"wp:attachment":[{"href":"https:\/\/www.toque-musicall.com\/index.php?rest_route=%2Fwp%2Fv2%2Fmedia&parent=7174"}],"wp:term":[{"taxonomy":"category","embeddable":true,"href":"https:\/\/www.toque-musicall.com\/index.php?rest_route=%2Fwp%2Fv2%2Fcategories&post=7174"},{"taxonomy":"post_tag","embeddable":true,"href":"https:\/\/www.toque-musicall.com\/index.php?rest_route=%2Fwp%2Fv2%2Ftags&post=7174"}],"curies":[{"name":"wp","href":"https:\/\/api.w.org\/{rel}","templated":true}]}}