{"id":7180,"date":"2020-02-18T00:04:00","date_gmt":"2020-02-18T03:04:00","guid":{"rendered":"http:\/\/www.toque-musicall.com\/?p=7180"},"modified":"2020-02-20T09:25:55","modified_gmt":"2020-02-20T12:25:55","slug":"adelina-garcia-sonho-tropical-1955","status":"publish","type":"post","link":"https:\/\/www.toque-musicall.com\/?p=7180","title":{"rendered":"Adelina Garcia &#8211; Sonho Tropical (1955)"},"content":{"rendered":"\n<figure class=\"wp-block-image size-large\"><img decoding=\"async\" src=\"https:\/\/1.bp.blogspot.com\/-7rtRw96EiAI\/Xksk_Gaco-I\/AAAAAAAAQhM\/GTUR5YAXHggJ9JFqc5AzZQ6g6qehf8UJgCLcBGAsYHQ\/s640\/Anota%25C3%25A7%25C3%25A3o%2B2020-02-17%2B202818.jpg\" alt=\"\"\/><\/figure>\n\n\n<p><img decoding=\"async\" src=\"https:\/\/1.bp.blogspot.com\/-tCCpAd_QReY\/Xksk_WG9yDI\/AAAAAAAAQhQ\/_fuVjlNkqJ8BrGNZI3PhIk-m9xyfVAahwCLcBGAsYHQ\/s640\/Anota%25C3%25A7%25C3%25A3o%2B2020-02-17%2B203019.jpg\"><\/p>\n<p>Ol\u00e1 amigos cultos e ocultos. Algumas coisas, as vezes, me chegam as m\u00e3os e ficam naquela gaveta esperando a sua hora. Quando chega uma oportunidade de postar j\u00e1 n\u00e3o me lembro. Este disco que posto hoje \u00e9 algo assim. E oque temos para hoje \u00e9 uma atra\u00e7\u00e3o internacional, coisa que tamb\u00e9m n\u00e3o tenho feito por aqui. Apresento ao amigos, Adelina Garcia, uma cantora mexicana que fez muito sucesso aqui no Brasil nos anos 50. Ela, na verdade, como nos conta o pr\u00f3prio texto de contracapa, nasceu nos Estados Unidos, mas ainda crian\u00e7a foi morar no M\u00e9xico. Seus pais eram mexicanos. Atuou como cantara e com muito sucesso nos anos 40 e 50. Esteve no Brasil v\u00e1rias vezes e em 1955 gravou por aqui este lp de dez polegadas com alguns de seus maiores sucessos, acompanhada da orquestra de Oswaldo Borba. Um disquinho bem ao gosto do p\u00fablico brasileiro. Certamente voc\u00eas v\u00e3o amar. Confiram no GTM.<\/p>\n<div>vereda tropical<\/div>\n<div>penita contigo<\/div>\n<div>despierta<\/div>\n<div>amor salvage<\/div>\n<div>besame mucho<\/div>\n<div>quien sera<\/div>\n<div>vaya con di\u00f3s<\/div>\n<div>caprichito<\/div>\n<p>.<\/p>","protected":false},"excerpt":{"rendered":"<p>Ol\u00e1 amigos cultos e ocultos. Algumas coisas, as vezes, me chegam as m\u00e3os e ficam naquela gaveta esperando a sua hora. Quando chega uma oportunidade de postar j\u00e1 n\u00e3o me lembro. Este disco que posto hoje \u00e9 algo assim. E &hellip; <a href=\"https:\/\/www.toque-musicall.com\/?p=7180\">Continue lendo <span class=\"meta-nav\">&rarr;<\/span><\/a><\/p>\n","protected":false},"author":1,"featured_media":0,"comment_status":"open","ping_status":"closed","sticky":false,"template":"","format":"standard","meta":{"footnotes":""},"categories":[3459,335,86],"tags":[3460,3153],"class_list":["post-7180","post","type-post","status-publish","format-standard","hentry","category-adelina-garcia","category-oswaldo-borba","category-selo-odeon","tag-adelina-garcia","tag-selo-odeon"],"_links":{"self":[{"href":"https:\/\/www.toque-musicall.com\/index.php?rest_route=\/wp\/v2\/posts\/7180","targetHints":{"allow":["GET"]}}],"collection":[{"href":"https:\/\/www.toque-musicall.com\/index.php?rest_route=\/wp\/v2\/posts"}],"about":[{"href":"https:\/\/www.toque-musicall.com\/index.php?rest_route=\/wp\/v2\/types\/post"}],"author":[{"embeddable":true,"href":"https:\/\/www.toque-musicall.com\/index.php?rest_route=\/wp\/v2\/users\/1"}],"replies":[{"embeddable":true,"href":"https:\/\/www.toque-musicall.com\/index.php?rest_route=%2Fwp%2Fv2%2Fcomments&post=7180"}],"version-history":[{"count":2,"href":"https:\/\/www.toque-musicall.com\/index.php?rest_route=\/wp\/v2\/posts\/7180\/revisions"}],"predecessor-version":[{"id":7182,"href":"https:\/\/www.toque-musicall.com\/index.php?rest_route=\/wp\/v2\/posts\/7180\/revisions\/7182"}],"wp:attachment":[{"href":"https:\/\/www.toque-musicall.com\/index.php?rest_route=%2Fwp%2Fv2%2Fmedia&parent=7180"}],"wp:term":[{"taxonomy":"category","embeddable":true,"href":"https:\/\/www.toque-musicall.com\/index.php?rest_route=%2Fwp%2Fv2%2Fcategories&post=7180"},{"taxonomy":"post_tag","embeddable":true,"href":"https:\/\/www.toque-musicall.com\/index.php?rest_route=%2Fwp%2Fv2%2Ftags&post=7180"}],"curies":[{"name":"wp","href":"https:\/\/api.w.org\/{rel}","templated":true}]}}