{"id":7189,"date":"2020-02-21T09:25:00","date_gmt":"2020-02-21T12:25:00","guid":{"rendered":"http:\/\/www.toque-musicall.com\/?p=7189"},"modified":"2020-02-23T09:37:59","modified_gmt":"2020-02-23T12:37:59","slug":"a-juventude-1970","status":"publish","type":"post","link":"https:\/\/www.toque-musicall.com\/?p=7189","title":{"rendered":"A Juventude (1970)"},"content":{"rendered":"\n<figure class=\"wp-block-image size-large\"><img decoding=\"async\" src=\"https:\/\/1.bp.blogspot.com\/-nnxBubn4_jo\/XlJq0CpEtKI\/AAAAAAAAQi0\/xI-a1Ey_PJs3NtHx4ZFoig7EZ2yKAbUkQCLcBGAsYHQ\/s640\/Anota%25C3%25A7%25C3%25A3o%2B2020-02-23%2B091617.jpg\" alt=\"\"\/><\/figure>\n\n\n\n<figure class=\"wp-block-image size-large\"><img decoding=\"async\" src=\"https:\/\/1.bp.blogspot.com\/-lyNNMOyxAog\/XlJq0Cm_lzI\/AAAAAAAAQiw\/72wuJ-jceRolIU6R_4QsG2_DdqokeXlCACLcBGAsYHQ\/s640\/Anota%25C3%25A7%25C3%25A3o%2B2020-02-23%2B091720.jpg\" alt=\"\"\/><\/figure>\n\n\n<p>Ol\u00e1, amigos cultos e ocultos! Estamos em pleno Carnaval e eu havia mesmo planejado postar aqui v\u00e1rios discos do g\u00eanero, mas percebi que esses s\u00e3o produ\u00e7\u00f5es exclusivas do Grand Record Brazil, bra\u00e7o de cera, como diz o nosso amigo Samuca, que tamb\u00e9m \u00e9 quem cuida das resenhas para essa s\u00e9rie. Achei ent\u00e3o melhor espa\u00e7ar, deix\u00e1-los para outros momentos. Mas ainda assim teremos as marchinhas e outros quitutes carnavalescos, ok?<br>Vamos mais uma vez na heran\u00e7a deixada pelo Sintonia Musikal, agora trazendo uma colet\u00e2nea do selo Odeon, celebrando a ent\u00e3o m\u00fasica jovem. Temos aqui alguns dos artistas\/conjuntos que faziam parte deste &#8216;cast&#8217; da gravadora. Artistas, muitos deles, vindos da onda Jovem Guarda. Um disco bacana, pois seleciona diferentes artistas e faixas extra\u00eddas de discos que hoje j\u00e1 n\u00e3o encontramos com tanta facilidade por a\u00ed. Vale a pena recordar&#8230;<\/p>\n<div>as pazes &#8211; adriana<\/div>\n<div>eu esperarei &#8211; bobby de carlo<\/div>\n<div>primavera &#8211; trio esperan\u00e7a<\/div>\n<div>a rosa &#8211; deny e dino<\/div>\n<div>eu quero algu\u00e9m para amar &#8211; jo\u00e3o luiz<\/div>\n<div>um tipo especial de amor &#8211; silvinha e eduardo ara\u00fajo<\/div>\n<div>madrugada &#8211; eduardo ara\u00fajo<\/div>\n<div>sou tri campe\u00e3o &#8211; golden boys<\/div>\n<div>gloriosa &#8211; m\u00f3dulo 1000<\/div>\n<div>n\u00e3o sou quadrada como voc\u00ea &#8211; adriana<\/div>\n<div>voc\u00ea amor &#8211; silvinha<\/div>\n<div>vende-se &#8211; deny e dino<\/div>\n<p><\/p>","protected":false},"excerpt":{"rendered":"<p>Ol\u00e1, amigos cultos e ocultos! Estamos em pleno Carnaval e eu havia mesmo planejado postar aqui v\u00e1rios discos do g\u00eanero, mas percebi que esses s\u00e3o produ\u00e7\u00f5es exclusivas do Grand Record Brazil, bra\u00e7o de cera, como diz o nosso amigo Samuca, &hellip; <a href=\"https:\/\/www.toque-musicall.com\/?p=7189\">Continue lendo <span class=\"meta-nav\">&rarr;<\/span><\/a><\/p>\n","protected":false},"author":1,"featured_media":0,"comment_status":"open","ping_status":"closed","sticky":false,"template":"","format":"standard","meta":{"footnotes":""},"categories":[2958,1786,64,3465,1275,107,3464,1899,86,1603,934],"tags":[3466,3158,3469,3470,3153,3471,3468],"class_list":["post-7189","post","type-post","status-publish","format-standard","hentry","category-adriana","category-bobby-de-carlo","category-coletanea","category-deny-e-dino","category-eduardo-araujo","category-golden-boys","category-joao-luiz","category-modulo-1000","category-selo-odeon","category-silvinha","category-trio-esperanca","tag-adriana","tag-coletanea","tag-eduardo-araujo","tag-modulo-1000","tag-selo-odeon","tag-silvinha","tag-trio-esperanca"],"_links":{"self":[{"href":"https:\/\/www.toque-musicall.com\/index.php?rest_route=\/wp\/v2\/posts\/7189","targetHints":{"allow":["GET"]}}],"collection":[{"href":"https:\/\/www.toque-musicall.com\/index.php?rest_route=\/wp\/v2\/posts"}],"about":[{"href":"https:\/\/www.toque-musicall.com\/index.php?rest_route=\/wp\/v2\/types\/post"}],"author":[{"embeddable":true,"href":"https:\/\/www.toque-musicall.com\/index.php?rest_route=\/wp\/v2\/users\/1"}],"replies":[{"embeddable":true,"href":"https:\/\/www.toque-musicall.com\/index.php?rest_route=%2Fwp%2Fv2%2Fcomments&post=7189"}],"version-history":[{"count":2,"href":"https:\/\/www.toque-musicall.com\/index.php?rest_route=\/wp\/v2\/posts\/7189\/revisions"}],"predecessor-version":[{"id":7191,"href":"https:\/\/www.toque-musicall.com\/index.php?rest_route=\/wp\/v2\/posts\/7189\/revisions\/7191"}],"wp:attachment":[{"href":"https:\/\/www.toque-musicall.com\/index.php?rest_route=%2Fwp%2Fv2%2Fmedia&parent=7189"}],"wp:term":[{"taxonomy":"category","embeddable":true,"href":"https:\/\/www.toque-musicall.com\/index.php?rest_route=%2Fwp%2Fv2%2Fcategories&post=7189"},{"taxonomy":"post_tag","embeddable":true,"href":"https:\/\/www.toque-musicall.com\/index.php?rest_route=%2Fwp%2Fv2%2Ftags&post=7189"}],"curies":[{"name":"wp","href":"https:\/\/api.w.org\/{rel}","templated":true}]}}