{"id":7196,"date":"2020-02-24T18:56:00","date_gmt":"2020-02-24T21:56:00","guid":{"rendered":"http:\/\/www.toque-musicall.com\/?p=7196"},"modified":"2020-02-26T14:49:36","modified_gmt":"2020-02-26T17:49:36","slug":"sergio-mendes-trio-wanda-sah-e-rosinha-de-valenca-brasil-65-1965","status":"publish","type":"post","link":"https:\/\/www.toque-musicall.com\/?p=7196","title":{"rendered":"Sergio Mendes Trio, Wanda Sah E Rosinha De Valen\u00e7a &#8211; Brasil&#8217; 65 (1965)"},"content":{"rendered":"\n<figure class=\"wp-block-image size-large\"><img decoding=\"async\" src=\"https:\/\/1.bp.blogspot.com\/-VaghG_raS7M\/XlUWIV-lNMI\/AAAAAAAAQkA\/o-VH6IKvRNEUxiFE7gG19Q65V5to0ZeLACLcBGAsYHQ\/s640\/Anota%25C3%25A7%25C3%25A3o%2B2020-02-25%2B094648.jpg\" alt=\"\"\/><\/figure>\n\n\n\n<figure class=\"wp-block-image size-large\"><img decoding=\"async\" src=\"https:\/\/1.bp.blogspot.com\/-ZrjpagMYx5c\/XlUWInkL95I\/AAAAAAAAQkE\/jeG7PfiA6LkqcRmgOW2cqym4kIy9Lob8wCLcBGAsYHQ\/s640\/Anota%25C3%25A7%25C3%25A3o%2B2020-02-25%2B094752.jpg\" alt=\"\"\/><\/figure>\n\n\n<p>Bom dia, amigos cultos e ocultos! Durante esses dias carnavalescos eu at\u00e9 pensei em fazer v\u00e1rias postagens referente ao tema, como de costume aqui no nosso Toque Musical, mas como esse nosso pa\u00eds \u00e9 um eterno carnaval, pouca diferen\u00e7a faz se as marchas, sambas, ranchos e frevos vem em blocos ou sozinhas. Deixemos o Carnaval rolando l\u00e1 fora e vamos para a bossa nova&#8230;<br \/>Hoje, tenho para voc\u00eas um cl\u00e1ssico da Bossa Nova &#8216;made in USA&#8217;. Na verdade, um senhor disco lan\u00e7ado pela americana Capitol Records, em 1965, reunindo os brasileiros S\u00e9rgio Mendes Trio, a cantora Wanda S\u00e1 (aqui Sah) e a violonista Rosinha de Valen\u00e7a. De quebra, tem tamb\u00e9m o saxofonista Bud Shank. No repert\u00f3rio, verdadeiras joias da Bossa Nova e uma interpreta\u00e7\u00e3o impec\u00e1vel que agradou em cheio o p\u00fablico americano e porque n\u00e3o dizer, o mundo inteiro. Confiram no GTM&#8230;<\/p>\n<div>so nice (samba de ver\u00e3o)<\/div>\n<div>favela<\/div>\n<div>berimbau<\/div>\n<div>tristeza em mim<\/div>\n<div>aquarius<\/div>\n<div>one note samba (samba de uma nota s\u00f3)<\/div>\n<div>she&#8217;s a carioca (ela \u00e9 carioca)<\/div>\n<div>muito a vontade<\/div>\n<div>let me (deixa)<\/div>\n<div>consola\u00e7\u00e3o<\/div>\n<div>reza<\/div>\n<p>\u00a0<\/p>","protected":false},"excerpt":{"rendered":"<p>Bom dia, amigos cultos e ocultos! Durante esses dias carnavalescos eu at\u00e9 pensei em fazer v\u00e1rias postagens referente ao tema, como de costume aqui no nosso Toque Musical, mas como esse nosso pa\u00eds \u00e9 um eterno carnaval, pouca diferen\u00e7a faz &hellip; <a href=\"https:\/\/www.toque-musicall.com\/?p=7196\">Continue lendo <span class=\"meta-nav\">&rarr;<\/span><\/a><\/p>\n","protected":false},"author":1,"featured_media":0,"comment_status":"open","ping_status":"closed","sticky":false,"template":"","format":"standard","meta":{"footnotes":""},"categories":[2800,1296,10,563,3489],"tags":[3490,3064,3491],"class_list":["post-7196","post","type-post","status-publish","format-standard","hentry","category-bud-shank","category-rosinha-de-valenca","category-selo-capitol","category-sergio-mendes","category-wanda-de-sa","tag-rosinha-de-valenca","tag-sergio-mendes","tag-wanda-de-sa"],"_links":{"self":[{"href":"https:\/\/www.toque-musicall.com\/index.php?rest_route=\/wp\/v2\/posts\/7196","targetHints":{"allow":["GET"]}}],"collection":[{"href":"https:\/\/www.toque-musicall.com\/index.php?rest_route=\/wp\/v2\/posts"}],"about":[{"href":"https:\/\/www.toque-musicall.com\/index.php?rest_route=\/wp\/v2\/types\/post"}],"author":[{"embeddable":true,"href":"https:\/\/www.toque-musicall.com\/index.php?rest_route=\/wp\/v2\/users\/1"}],"replies":[{"embeddable":true,"href":"https:\/\/www.toque-musicall.com\/index.php?rest_route=%2Fwp%2Fv2%2Fcomments&post=7196"}],"version-history":[{"count":3,"href":"https:\/\/www.toque-musicall.com\/index.php?rest_route=\/wp\/v2\/posts\/7196\/revisions"}],"predecessor-version":[{"id":7202,"href":"https:\/\/www.toque-musicall.com\/index.php?rest_route=\/wp\/v2\/posts\/7196\/revisions\/7202"}],"wp:attachment":[{"href":"https:\/\/www.toque-musicall.com\/index.php?rest_route=%2Fwp%2Fv2%2Fmedia&parent=7196"}],"wp:term":[{"taxonomy":"category","embeddable":true,"href":"https:\/\/www.toque-musicall.com\/index.php?rest_route=%2Fwp%2Fv2%2Fcategories&post=7196"},{"taxonomy":"post_tag","embeddable":true,"href":"https:\/\/www.toque-musicall.com\/index.php?rest_route=%2Fwp%2Fv2%2Ftags&post=7196"}],"curies":[{"name":"wp","href":"https:\/\/api.w.org\/{rel}","templated":true}]}}