{"id":7198,"date":"2020-02-25T13:20:00","date_gmt":"2020-02-25T16:20:00","guid":{"rendered":"http:\/\/www.toque-musicall.com\/?p=7198"},"modified":"2020-02-26T13:22:51","modified_gmt":"2020-02-26T16:22:51","slug":"marcia-vol-3-1970","status":"publish","type":"post","link":"https:\/\/www.toque-musicall.com\/?p=7198","title":{"rendered":"M\u00e1rcia &#8211; Vol. 3 (1970)"},"content":{"rendered":"\n<figure class=\"wp-block-image size-large\"><img decoding=\"async\" src=\"https:\/\/1.bp.blogspot.com\/-RsvsxOFu2rE\/XlaGuFAHEtI\/AAAAAAAAQkU\/34f1dtV8CdcpzMyYGseYYKW05g5IWXTMgCEwYBhgL\/s640\/Anota%25C3%25A7%25C3%25A3o%2B2019-12-27%2B071509.jpg\" alt=\"\"\/><\/figure>\n\n\n\n<figure class=\"wp-block-image size-large\"><img decoding=\"async\" src=\"https:\/\/1.bp.blogspot.com\/-Q6deempOrwg\/XlaGuNiO3zI\/AAAAAAAAQkY\/68j565fZ9NsVbtuF7svJHhnLjTYWQjPXgCEwYBhgL\/s640\/Anota%25C3%25A7%25C3%25A3o%2B2019-12-27%2B071423.jpg\" alt=\"\"\/><\/figure>\n\n\n<div class=\"separator\">Bom dia, amigos cultos e ocultos! O carnaval est\u00e1 bom, mas por aqui o batido vai ser outro. Vamos mais uma vez trazendo a cantora M\u00e1rcia neste \u00e1lbum lan\u00e7ado em 1970, pelo selo Elenco. Um trabalho bacana, produzido por Roberto Menescal que tamb\u00e9m cuidou dos arranjos ao lado do maestro Jos\u00e9 Briamonte. Este lp j\u00e1 esteve presente em outras &#8216;pra\u00e7as&#8217; e certamente, como tudo postado por aqui, vai estar nas comunidades de compartilhamento, tipo torrent, onde voc\u00ea n\u00e3o s\u00f3 baixa o disco como tamb\u00e9m v\u00edrus e outros bugs de harckes. N\u00e3o foi atoa ou por acaso que criei o grupo GTM. Mas cada um escolhe onde beber a \u00e1gua, n\u00e3o \u00e9 mesmo? Segue assim esse volume 3 cujo o repert\u00f3rio \u00e9 imperd\u00edvel. Confiram&#8230;<\/div>\n<div class=\"separator\">\u00a0<\/div>\n<div class=\"separator\">can\u00e7\u00e3o da volta<\/div>\n<div class=\"separator\">sonho e saudade<\/div>\n<div class=\"separator\">castigo &#8211; nunca mais &#8211; fim de caso<\/div>\n<div class=\"separator\">foi a noite<\/div>\n<div class=\"separator\">o nosso olhar<\/div>\n<div class=\"separator\">jornada<\/div>\n<div class=\"separator\">algu\u00e9m como tu<\/div>\n<div class=\"separator\">neste mesmo lugar<\/div>\n<div class=\"separator\">eu n\u00e3o existo sem voc\u00ea &#8211; franqueza<\/div>\n<div class=\"separator\">dindi<\/div>\n<div class=\"separator\">meu mundo \u00e9 voc\u00ea<\/div>\n<div class=\"separator\">como eu queria que o amor voltasse<\/div>\n<div class=\"separator\">\u00a0<\/div>\n<div class=\"separator\">\u00a0<\/div>\n<div class=\"separator\">.<\/div>","protected":false},"excerpt":{"rendered":"<p>Bom dia, amigos cultos e ocultos! O carnaval est\u00e1 bom, mas por aqui o batido vai ser outro. Vamos mais uma vez trazendo a cantora M\u00e1rcia neste \u00e1lbum lan\u00e7ado em 1970, pelo selo Elenco. Um trabalho bacana, produzido por Roberto &hellip; <a href=\"https:\/\/www.toque-musicall.com\/?p=7198\">Continue lendo <span class=\"meta-nav\">&rarr;<\/span><\/a><\/p>\n","protected":false},"author":1,"featured_media":0,"comment_status":"open","ping_status":"closed","sticky":false,"template":"","format":"standard","meta":{"footnotes":""},"categories":[491,427],"tags":[3337,3338],"class_list":["post-7198","post","type-post","status-publish","format-standard","hentry","category-marcia","category-selo-elenco","tag-marcia","tag-selo-elenco"],"_links":{"self":[{"href":"https:\/\/www.toque-musicall.com\/index.php?rest_route=\/wp\/v2\/posts\/7198","targetHints":{"allow":["GET"]}}],"collection":[{"href":"https:\/\/www.toque-musicall.com\/index.php?rest_route=\/wp\/v2\/posts"}],"about":[{"href":"https:\/\/www.toque-musicall.com\/index.php?rest_route=\/wp\/v2\/types\/post"}],"author":[{"embeddable":true,"href":"https:\/\/www.toque-musicall.com\/index.php?rest_route=\/wp\/v2\/users\/1"}],"replies":[{"embeddable":true,"href":"https:\/\/www.toque-musicall.com\/index.php?rest_route=%2Fwp%2Fv2%2Fcomments&post=7198"}],"version-history":[{"count":1,"href":"https:\/\/www.toque-musicall.com\/index.php?rest_route=\/wp\/v2\/posts\/7198\/revisions"}],"predecessor-version":[{"id":7199,"href":"https:\/\/www.toque-musicall.com\/index.php?rest_route=\/wp\/v2\/posts\/7198\/revisions\/7199"}],"wp:attachment":[{"href":"https:\/\/www.toque-musicall.com\/index.php?rest_route=%2Fwp%2Fv2%2Fmedia&parent=7198"}],"wp:term":[{"taxonomy":"category","embeddable":true,"href":"https:\/\/www.toque-musicall.com\/index.php?rest_route=%2Fwp%2Fv2%2Fcategories&post=7198"},{"taxonomy":"post_tag","embeddable":true,"href":"https:\/\/www.toque-musicall.com\/index.php?rest_route=%2Fwp%2Fv2%2Ftags&post=7198"}],"curies":[{"name":"wp","href":"https:\/\/api.w.org\/{rel}","templated":true}]}}