{"id":720,"date":"2010-09-10T09:42:00","date_gmt":"2010-09-10T09:42:00","guid":{"rendered":"http:\/\/www.toque-musicall.com\/?p=720"},"modified":"2010-09-10T09:42:00","modified_gmt":"2010-09-10T09:42:00","slug":"rock-do-autor-manifesto-1991","status":"publish","type":"post","link":"https:\/\/www.toque-musicall.com\/?p=720","title":{"rendered":"Rock Do Autor &#8211; Manifesto (1991)"},"content":{"rendered":"<p><a href=\"http:\/\/1.bp.blogspot.com\/_DSKVEvHtskc\/TIoOTdu_GVI\/AAAAAAAAG_8\/98CJB8Whpvo\/s1600\/rock+autor+P.JPG\"><img decoding=\"async\" style=\"TEXT-ALIGN: center; MARGIN: 0px auto 10px; WIDTH: 398px; DISPLAY: block; HEIGHT: 400px; CURSOR: hand\" id=\"BLOGGER_PHOTO_ID_5515236421230598482\" border=\"0\" alt=\"\" src=\"http:\/\/1.bp.blogspot.com\/_DSKVEvHtskc\/TIoOTdu_GVI\/AAAAAAAAG_8\/98CJB8Whpvo\/s400\/rock+autor+P.JPG\" \/><\/a> Bom dia, amigos cultos e ocultos! Realmente, gosto n\u00e3o se discute, lamenta-se. Da\u00ed, lamentem uns de l\u00e1 que eu vou lamentando tamb\u00e9m de c\u00e1. Uma coisa que eu gostaria de deixar clara \u00e9 que o Toque Musical, embora seja um espa\u00e7o autoral, n\u00e3o reflete exatamente o gosto pessoal do Augusto (muito menos o meu). Por certo, tamb\u00e9m n\u00e3o vou deixar a coisa descambar para a ignor\u00e2ncia, a n\u00e3o ser quando essa se faz como uma curiosidade. O interessante disso tudo \u00e9 que a m\u00fasica e seus autores e artistas s\u00e3o como vinho, com o passar dos anos v\u00e3o sofrendo altera\u00e7\u00f5es. Uns melhoram, se tornam marcas de qualidade, outros se tornam vinagre e na melhor das hip\u00f3teses, para aproveitar, a gente usa na salada (est\u00e3o gostando da Waldorf?).<br \/>E por falar em autores, hoje teremos em nossa sexta independente o \u00e1lbum &#8220;Rock de Autor&#8221;, uma colet\u00e2nea reunido diversos artistas da cena po\u00e9tica e musical paulista no in\u00edcio dos anos 90. Ta\u00ed um trabalho diferente e muito legal criado por artistas autores. O int\u00e9rprete aqui \u00e9 o pr\u00f3prio autor. Talvez por isso mesmo o disco seja mais poesia do que exatamente rock ou pop. At\u00e9 a capa e seu t\u00edtulo \u00e9 uma arte, uma poesia concreta&#8230; \ud83d\ude42<\/p>\n<div align=\"center\">we bop &#8211; p. antunes<\/div>\n<div align=\"center\">as gangs &#8211; aguilar<\/div>\n<div align=\"center\">esse \u00e9 o lugar &#8211; paulo miklos<\/div>\n<div align=\"center\">drunk rock &#8211; minho k<\/div>\n<div align=\"center\">o verme e a estrela &#8211; cid campos<\/div>\n<div align=\"center\">tokei &#8211; akira s e charlie c<\/div>\n<div align=\"center\">sote ingl\u00eas &#8211; miranda, neneco, m andarde, jimi joe e r salvagni<\/div>\n<div align=\"center\">o gato de schrodinger &#8211; rh jackson<\/div>\n<div align=\"center\">preposi\u00e7\u00f5es &#8211; dequinha e zaba<\/div>\n<div align=\"center\">e s\u00f3 &#8211; arnaldo antunes<\/div>\n<div align=\"center\">o gato vermelho -maria andrade<\/div>\n<div align=\"center\">borgo san freiano &#8211; m barella e g lenti<\/div>\n<div align=\"center\">arabia maldita &#8211; nasi<\/div>\n<div align=\"center\"> <\/div>\n<div align=\"center\"> <\/div>\n","protected":false},"excerpt":{"rendered":"<p>Bom dia, amigos cultos e ocultos! Realmente, gosto n\u00e3o se discute, lamenta-se. Da\u00ed, lamentem uns de l\u00e1 que eu vou lamentando tamb\u00e9m de c\u00e1. Uma coisa que eu gostaria de deixar clara \u00e9 que o Toque Musical, embora seja um &hellip; <a href=\"https:\/\/www.toque-musicall.com\/?p=720\">Continue lendo <span class=\"meta-nav\">&rarr;<\/span><\/a><\/p>\n","protected":false},"author":1,"featured_media":0,"comment_status":"open","ping_status":"closed","sticky":false,"template":"","format":"standard","meta":{"footnotes":""},"categories":[1028,1024,1029,1026,1027,1025],"tags":[],"class_list":["post-720","post","type-post","status-publish","format-standard","hentry","category-akira-s","category-arnaldo-antunes","category-cid-campos","category-nasi","category-paulo-miklos","category-rock-de-autor"],"_links":{"self":[{"href":"https:\/\/www.toque-musicall.com\/index.php?rest_route=\/wp\/v2\/posts\/720","targetHints":{"allow":["GET"]}}],"collection":[{"href":"https:\/\/www.toque-musicall.com\/index.php?rest_route=\/wp\/v2\/posts"}],"about":[{"href":"https:\/\/www.toque-musicall.com\/index.php?rest_route=\/wp\/v2\/types\/post"}],"author":[{"embeddable":true,"href":"https:\/\/www.toque-musicall.com\/index.php?rest_route=\/wp\/v2\/users\/1"}],"replies":[{"embeddable":true,"href":"https:\/\/www.toque-musicall.com\/index.php?rest_route=%2Fwp%2Fv2%2Fcomments&post=720"}],"version-history":[{"count":0,"href":"https:\/\/www.toque-musicall.com\/index.php?rest_route=\/wp\/v2\/posts\/720\/revisions"}],"wp:attachment":[{"href":"https:\/\/www.toque-musicall.com\/index.php?rest_route=%2Fwp%2Fv2%2Fmedia&parent=720"}],"wp:term":[{"taxonomy":"category","embeddable":true,"href":"https:\/\/www.toque-musicall.com\/index.php?rest_route=%2Fwp%2Fv2%2Fcategories&post=720"},{"taxonomy":"post_tag","embeddable":true,"href":"https:\/\/www.toque-musicall.com\/index.php?rest_route=%2Fwp%2Fv2%2Ftags&post=720"}],"curies":[{"name":"wp","href":"https:\/\/api.w.org\/{rel}","templated":true}]}}