{"id":721,"date":"2010-09-10T02:25:00","date_gmt":"2010-09-10T02:25:00","guid":{"rendered":"http:\/\/www.toque-musicall.com\/?p=721"},"modified":"2010-09-10T02:25:00","modified_gmt":"2010-09-10T02:25:00","slug":"wejah-renascenca-1988","status":"publish","type":"post","link":"https:\/\/www.toque-musicall.com\/?p=721","title":{"rendered":"Wejah &#8211; Renascen\u00e7a (1988)"},"content":{"rendered":"<p><a href=\"http:\/\/2.bp.blogspot.com\/_DSKVEvHtskc\/TImXWrn4lqI\/AAAAAAAAG_w\/I6AvfuTUybY\/s1600\/wejah+P.JPG\"><img decoding=\"async\" style=\"TEXT-ALIGN: center; MARGIN: 0px auto 10px; WIDTH: 400px; DISPLAY: block; HEIGHT: 389px; CURSOR: hand\" id=\"BLOGGER_PHOTO_ID_5515105634614810274\" border=\"0\" alt=\"\" src=\"http:\/\/2.bp.blogspot.com\/_DSKVEvHtskc\/TImXWrn4lqI\/AAAAAAAAG_w\/I6AvfuTUybY\/s400\/wejah+P.JPG\" \/><\/a> Hoje, ao postar um disco do Pholhas, senti falta do progressivo. Para fazermos a dobradinha, escolhi ent\u00e3o o <a href=\"http:\/\/www.wejah.com.br\/#\/bio-e-musica\/4541949189\">Wejah<\/a>. Sa\u00edmos dos anos 70 e voltamos aos 80, extamente no ano de 1988. Foi nesta data que um grupo de quatro rapazes conseguiram lan\u00e7ar seu primeiro \u00e1lbum. At\u00e9 antes do lan\u00e7amento do disco a banda era conhecida como Renascen\u00e7a. N\u00e3o sei a raz\u00e3o, mas eles adotara Wejah (n\u00e3o me perguntem o que \u00e9). O grupo faz um rock progressivo bem particular, com uma sonoridade que agrada. O \u00fanico pecado \u00e9 a parte vocal. Faltou um cantor (ou cantores) ao n\u00edvel dos instrumentistas.  Eu, de tanto ouvir o disco, j\u00e1 estou come\u00e7ando a acreditar que aquilo era intencional.<br \/>Bom, eu agora vou dormir. O sono t\u00e1 pegando. Divirtam&#8230;<\/p>\n<div align=\"center\">espelhos<\/div>\n<div align=\"center\">homens do futuro<\/div>\n<div align=\"center\">eventualidades<\/div>\n<div align=\"center\">renascen\u00e7a<\/div>\n<div align=\"center\">poeta terrestre, poeta divino<\/div>\n<div align=\"center\">c\u00e2none<\/div>\n","protected":false},"excerpt":{"rendered":"<p>Hoje, ao postar um disco do Pholhas, senti falta do progressivo. Para fazermos a dobradinha, escolhi ent\u00e3o o Wejah. Sa\u00edmos dos anos 70 e voltamos aos 80, extamente no ano de 1988. Foi nesta data que um grupo de quatro &hellip; <a href=\"https:\/\/www.toque-musicall.com\/?p=721\">Continue lendo <span class=\"meta-nav\">&rarr;<\/span><\/a><\/p>\n","protected":false},"author":1,"featured_media":0,"comment_status":"open","ping_status":"closed","sticky":false,"template":"","format":"standard","meta":{"footnotes":""},"categories":[1030],"tags":[],"class_list":["post-721","post","type-post","status-publish","format-standard","hentry","category-wejah"],"_links":{"self":[{"href":"https:\/\/www.toque-musicall.com\/index.php?rest_route=\/wp\/v2\/posts\/721","targetHints":{"allow":["GET"]}}],"collection":[{"href":"https:\/\/www.toque-musicall.com\/index.php?rest_route=\/wp\/v2\/posts"}],"about":[{"href":"https:\/\/www.toque-musicall.com\/index.php?rest_route=\/wp\/v2\/types\/post"}],"author":[{"embeddable":true,"href":"https:\/\/www.toque-musicall.com\/index.php?rest_route=\/wp\/v2\/users\/1"}],"replies":[{"embeddable":true,"href":"https:\/\/www.toque-musicall.com\/index.php?rest_route=%2Fwp%2Fv2%2Fcomments&post=721"}],"version-history":[{"count":0,"href":"https:\/\/www.toque-musicall.com\/index.php?rest_route=\/wp\/v2\/posts\/721\/revisions"}],"wp:attachment":[{"href":"https:\/\/www.toque-musicall.com\/index.php?rest_route=%2Fwp%2Fv2%2Fmedia&parent=721"}],"wp:term":[{"taxonomy":"category","embeddable":true,"href":"https:\/\/www.toque-musicall.com\/index.php?rest_route=%2Fwp%2Fv2%2Fcategories&post=721"},{"taxonomy":"post_tag","embeddable":true,"href":"https:\/\/www.toque-musicall.com\/index.php?rest_route=%2Fwp%2Fv2%2Ftags&post=721"}],"curies":[{"name":"wp","href":"https:\/\/api.w.org\/{rel}","templated":true}]}}