{"id":7211,"date":"2020-02-29T21:06:00","date_gmt":"2020-03-01T00:06:00","guid":{"rendered":"http:\/\/www.toque-musicall.com\/?p=7211"},"modified":"2020-03-04T21:09:14","modified_gmt":"2020-03-05T00:09:14","slug":"cantores-no-carnaval-selecao-78-rpm-do-toque-musical-vol-154-2020","status":"publish","type":"post","link":"https:\/\/www.toque-musicall.com\/?p=7211","title":{"rendered":"Cantores No Carnaval &#8211; Sele\u00e7\u00e3o 78 RPM Do Toque Musical Vol. 154 (2020)"},"content":{"rendered":"\n<figure class=\"wp-block-image size-large\"><img decoding=\"async\" src=\"https:\/\/1.bp.blogspot.com\/-vauQrZUccyw\/XmA-aCoZsTI\/AAAAAAAAQmI\/XRjqxm90c340JJmjabRpX2Df3r0Q6ATEgCLcBGAsYHQ\/s640\/Anota%25C3%25A7%25C3%25A3o%2B2020-02-16%2B093138.jpg\" alt=\"\"\/><\/figure>\n\n\n\n<figure class=\"wp-block-image size-large\"><img decoding=\"async\" src=\"https:\/\/1.bp.blogspot.com\/-rCGGEUXAj8Y\/XmA-adGCdgI\/AAAAAAAAQmM\/__dQ2Xyqg0A_qJ5V1q-Yr4SBHpXqL816ACLcBGAsYHQ\/s640\/Anota%25C3%25A7%25C3%25A3o%2B2020-02-16%2B093248.jpg\" alt=\"\"\/><\/figure>\n\n\n<p>O Grand Record Brazil chega ao seu volume 154. E, como os dois anteriores, dedicado ao carnaval, trazendo 15 faixas raras nas vozes de int\u00e9rpretes masculinos. Iniciando esta sele\u00e7\u00e3o, duas faixas com Francisco Alves, \u201co rei da voz\u201d, ambas sucessos do carnaval de 1936, e com acompanhamento dos Diabos do C\u00e9u, de Pixinguinha. A primeira \u00e9 a marchinha \u201cA.M.E.I.\u201d, de N\u00e1ssara e Erat\u00f3stenes Fraz\u00e3o, cujos primeiros compassos est\u00e3o calcados na \u00e1ria \u201cE lucevan le stelle\u201d, da \u00f3pera \u201cTosca\u201d, de Giacomo Puccini, composta em 1900. Grava\u00e7\u00e3o Victor de 7 de janeiro de 1936, uma ter\u00e7a-feira, lan\u00e7ada bem em cima da folia, em fevereiro, com o n\u00famero 34033-B, matriz 80078. Chico Alves tamb\u00e9m cantou a m\u00fasica no filme \u201cAl\u00f4, al\u00f4, carnaval\u201d, da Cin\u00e9dia. Na mesma sess\u00e3o de est\u00fadio, Chico gravou o \u201csamba tristonho\u201d \u201cComprei uma fantasia de Pierr\u00f4\u201d, de Lamartine Babo e Alberto Ribeiro. A Victor o lan\u00e7ou, tamb\u00e9m em fevereiro de 36, sob n\u00famero 34024-B, matriz 80079. Na faixa 3, Carlos Galhardo, \u201co cantor que dispensa adjetivos\u201d, apresenta a marchinha \u201cGirassol\u201d, do carnaval de 1952, de autoria de Haroldo Lobo, M\u00edlton de Oliveira e Wilson Frade. Grava\u00e7\u00e3o RCA Victor de 6 de setembro de 51, uma quinta-feira, lan\u00e7ada ainda em dezembro sob n\u00famero 80-0844-A, matriz S-093062. Em seguida, duas faixas com Orlando Silva, \u201co cantor das multid\u00f5es\u201d. A primeira \u00e9 a marchinha \u201cLero-lero\u201d, de Benedito Lacerda e Erat\u00f3stenes Fraz\u00e3o, sucesso no carnaval de 1942, e com participa\u00e7\u00e3o especial de Dalva de Oliveira, n\u00e3o creditada no selo original. Grava\u00e7\u00e3o Victor de 7 de outubro de 41, uma ter\u00e7a-feira, lan\u00e7ada ainda em dezembro com o n\u00famero 34841-A, matriz S-052381. Em seguida, Orlando interpreta a marchinha \u201cCarioca\u201d, de Arlindo Marques Jr., Roberto Roberti e Erat\u00f3stenes Fraz\u00e3o, do carnaval de 1940. Tamb\u00e9m grava\u00e7\u00e3o Victor, esta de 24 de outubro de 39, uma ter\u00e7a-feira, lan\u00e7ada ainda em dezembro com o n\u00famero 34536-A, matriz 33242. Na faixa 6, temos N\u00e9lson Gon\u00e7alves com o samba \u201cSabi\u00e1 de Mangueira\u201d, sucesso no carnaval de 1944, de autoria de Benedito Lacerda e Erat\u00f3stenes Fraz\u00e3o. Grava\u00e7\u00e3o Victor de 6 de outubro de 43, uma quarta-feira, lan\u00e7ada ainda em dezembro com o n\u00famero 80-0134-A, matriz S-052842. Na faixa 7, Nuno Roland interpreta o samba \u201cSeja o que Deus quiser\u201d, de M\u00e1rio Morais e Vadico, do carnaval de 1938. Grava\u00e7\u00e3o Odeon de 3 de outubro de 37, um domingo (!), lan\u00e7ada ainda em dezembro sob n\u00famero 11546-A, matriz 5681. Na faixa 8, temos o primeiro grande sucesso de Jorge Veiga, \u201co caricaturista do samba\u201d. \u00c9 \u201cIracema\u201d, samba de Raul Marques e Otolindo Lopes, grava\u00e7\u00e3o Odeon de 3 de fevereiro de 1944, uma quinta-feira, s\u00f3 lan\u00e7ada ap\u00f3s o carnaval, em mar\u00e7o, sob n\u00famero 12428-B, matriz 7482. Na faixa 9, Gast\u00e3o Formenti, acompanhado pelos Diabos do C\u00e9u, interpreta a marchinha \u201cCora\u00e7\u00e3o na boca\u201d, do carnaval de 1936, de exclusiva autoria de Oswaldo Santiago. Grava\u00e7\u00e3o Victor de 3 de dezembro de 35, uma ter\u00e7a-feira, lan\u00e7ada um m\u00eas antes da folia, em janeiro, sob n\u00famero 34004-A, matriz 80028. Na faixa 10, Almirante, \u201ca maior patente do r\u00e1dio\u201d, interpreta a marchinha \u201cO cantar do galo\u201d, do carnaval de 1938, de autoria de Benedito Lacerda e Darcy de Oliveira. Grava\u00e7\u00e3o Odeon de 25 de novembro de 37, uma quinta-feira, lan\u00e7ada um m\u00eas antes da folia, em janeiro, sob n\u00famero 11562-B, matriz 5713. Na faixa 11, volta Orlando Silva, desta vez cantando a marchinha \u201cA voz do povo\u201d, de Francisco Malfitano e Erat\u00f3stenes Fraz\u00e3o, do carnaval de 1941. Grava\u00e7\u00e3o Victor de 10 de dezembro de 40, uma ter\u00e7a-feira, lan\u00e7ada bem em cima da folia, em fevereiro, sob n\u00famero 34712-B, matriz 52071. Na faixa 12, temos o primeiro grande sucesso do cantor Albertinho Fortuna, que mais tarde se especializaria em m\u00fasica rom\u00e2ntica, especialmente tangos: \u00e9 a \u201cMarcha dos gafanhotos\u201d, de Roberto Martins e Erat\u00f3stenes Fraz\u00e3o, merecido \u00eaxito no carnaval de 1947. Grava\u00e7\u00e3o RCA Victor de 22 de outubro de 46, uma ter\u00e7a-feira, lan\u00e7ada um m\u00eas antes da folia, em janeiro, sob n\u00famero 80-0489-A, matriz S-078631. Na faixa 13, volta Carlos Galhardo, desta vez apresentando o maior sucesso do carnaval de 1941: uma valsa! Por sinal, muito bem feita e divertida. \u00c9 \u201cN\u00f3s queremos uma valsa\u201d, de N\u00e1ssara e Erat\u00f3stenes Fraz\u00e3o, que Galhardo tamb\u00e9m interpretou no filme \u201cVamos cantar\u201d, da Pan-Am\u00e9rica Filmes. Grava\u00e7\u00e3o Victor de 21 de dezembro de 40, um s\u00e1bado (!), lan\u00e7ada bem em cima da folia, em fevereiro, sob n\u00famero 34708-A, matriz 52089. Na faixa 14, volta Almirante, agora com o samba \u201cCrian\u00e7a, toma ju\u00edzo\u201d, do carnaval de 1935 (que caiu em mar\u00e7o), de autoria do flautista Benedito Lacerda (que tamb\u00e9m faz o acompanhamento com seu regional) em parceria com Russo do Pandeiro. Grava\u00e7\u00e3o Victor de 6 de dezembro de 34, uma quinta-feira, lan\u00e7ada dois meses antes da folia, em janeiro, sob n\u00famero 33890-B, matriz 79798. E, para finalizar, S\u00edlvio Caldas apresenta outro samba de sucesso do carnaval de 1935, \u201cEu sonhei\u201d, com a respeit\u00e1vel assinatura de Ary Barroso. Grava\u00e7\u00e3o Odeon de 9 de novembro de 34, uma sexta-feira, lan\u00e7ada ainda em dezembro sob n\u00famero 11178-B, matriz 4944. E nos pr\u00f3ximos volumes teremos muito mais carnaval. At\u00e9 l\u00e1!<\/p>\n<div>a m e i &#8211; francisco alves<\/div>\n<div>comprei uma fantasia de pierrot &#8211; francisco alves<\/div>\n<div>girassol &#8211; carlos galhardo<\/div>\n<div>lero-lero &#8211; orlando silva<\/div>\n<div>sabi\u00e1 de mangueira &#8211; nelson gon\u00e7alves<\/div>\n<div>seja o que deus quiser &#8211; nuno roland<\/div>\n<div>iracema &#8211; jorge veiga<\/div>\n<div>cora\u00e7\u00e3o na boca &#8211; gast\u00e3o formenti<\/div>\n<div>o cantor do galo &#8211; almirante<\/div>\n<div>a voz do povo &#8211; orlando silva<\/div>\n<div>marcha dos gafanhotos &#8211; albertinho fortuna<\/div>\n<div>n\u00f3s queremos uma valsa &#8211; carlos galhardo<\/div>\n<div>crian\u00e7a toma ju\u00edzo &#8211; almirante<\/div>\n<div>eu sonhei &#8211; silvio caldas<\/div>\n<p><br \/><br \/>*Texto de Samuel Machado Filho\u00a0<\/p>","protected":false},"excerpt":{"rendered":"<p>O Grand Record Brazil chega ao seu volume 154. E, como os dois anteriores, dedicado ao carnaval, trazendo 15 faixas raras nas vozes de int\u00e9rpretes masculinos. Iniciando esta sele\u00e7\u00e3o, duas faixas com Francisco Alves, \u201co rei da voz\u201d, ambas sucessos &hellip; <a href=\"https:\/\/www.toque-musicall.com\/?p=7211\">Continue lendo <span class=\"meta-nav\">&rarr;<\/span><\/a><\/p>\n","protected":false},"author":1,"featured_media":0,"comment_status":"open","ping_status":"closed","sticky":false,"template":"","format":"standard","meta":{"footnotes":""},"categories":[263,11,13],"tags":[3458,3429,3439],"class_list":["post-7211","post","type-post","status-publish","format-standard","hentry","category-carnaval","category-exclusivos-do-toque-musical","category-selo-grand-record-brazil","tag-carnaval","tag-exclusivos-do-toque-musical","tag-selo-grand-record-brazil"],"_links":{"self":[{"href":"https:\/\/www.toque-musicall.com\/index.php?rest_route=\/wp\/v2\/posts\/7211","targetHints":{"allow":["GET"]}}],"collection":[{"href":"https:\/\/www.toque-musicall.com\/index.php?rest_route=\/wp\/v2\/posts"}],"about":[{"href":"https:\/\/www.toque-musicall.com\/index.php?rest_route=\/wp\/v2\/types\/post"}],"author":[{"embeddable":true,"href":"https:\/\/www.toque-musicall.com\/index.php?rest_route=\/wp\/v2\/users\/1"}],"replies":[{"embeddable":true,"href":"https:\/\/www.toque-musicall.com\/index.php?rest_route=%2Fwp%2Fv2%2Fcomments&post=7211"}],"version-history":[{"count":1,"href":"https:\/\/www.toque-musicall.com\/index.php?rest_route=\/wp\/v2\/posts\/7211\/revisions"}],"predecessor-version":[{"id":7212,"href":"https:\/\/www.toque-musicall.com\/index.php?rest_route=\/wp\/v2\/posts\/7211\/revisions\/7212"}],"wp:attachment":[{"href":"https:\/\/www.toque-musicall.com\/index.php?rest_route=%2Fwp%2Fv2%2Fmedia&parent=7211"}],"wp:term":[{"taxonomy":"category","embeddable":true,"href":"https:\/\/www.toque-musicall.com\/index.php?rest_route=%2Fwp%2Fv2%2Fcategories&post=7211"},{"taxonomy":"post_tag","embeddable":true,"href":"https:\/\/www.toque-musicall.com\/index.php?rest_route=%2Fwp%2Fv2%2Ftags&post=7211"}],"curies":[{"name":"wp","href":"https:\/\/api.w.org\/{rel}","templated":true}]}}