{"id":7218,"date":"2020-03-03T21:47:00","date_gmt":"2020-03-04T00:47:00","guid":{"rendered":"http:\/\/www.toque-musicall.com\/?p=7218"},"modified":"2020-03-16T07:45:16","modified_gmt":"2020-03-16T10:45:16","slug":"antonio-adolfo-cristalino-1989","status":"publish","type":"post","link":"https:\/\/www.toque-musicall.com\/?p=7218","title":{"rendered":"Antonio Adolfo &#8211; Cristalino (1989)"},"content":{"rendered":"\n<figure class=\"wp-block-image size-large\"><img decoding=\"async\" src=\"https:\/\/1.bp.blogspot.com\/-veK-TFm8BbE\/XmUfa3oCLNI\/AAAAAAAAQnI\/aFQqzSN2FYUkFysr-SaHtkILdkgFaXwAgCEwYBhgL\/s640\/Anota%25C3%25A7%25C3%25A3o%2B2020-03-08%2B094908.jpg\" alt=\"\"\/><\/figure>\n\n\n\n<figure class=\"wp-block-image size-large\"><img decoding=\"async\" src=\"https:\/\/1.bp.blogspot.com\/-w-Xd6B2MQKc\/XmUfbQ15pvI\/AAAAAAAAQnM\/1eVzkVa6eko4tjMO7Yb4xIIbj6bo9sdrACEwYBhgL\/s640\/Anota%25C3%25A7%25C3%25A3o%2B2020-03-08%2B094754.jpg\" alt=\"\"\/><\/figure>\n\n\n<div class=\"article-content entry-content\">Bom dia, amigos cultos e ocultos! Estamos h\u00e1 mais de uma d\u00e9cada postando discos dos mais diversos, raros e esquecidos. Trazendo de bandeja coisas que muitas vezes voc\u00eas conheceram aqui. Tudo sempre bacana, no capricho e com qualidade. Por certo, temos aqui muitas falhas e erros e ao longo do tempo nosso trabalho foi amadurecendo. Melhoramos os textos, procurando ser mais que um toque musical pessoal. Somos hoje talvez um dos poucos e focados blog de m\u00fasica. Por conta de diversos inconvenientes, assumimos uma postura mais fechadas, limitada a um grupo. Criamos assim o Grupo do Toque Musical, onde os associados podem buscar os links referentes aos t\u00edtulos postados. Quem frequenta com regularidade nosso espa\u00e7o j\u00e1 sabe que mesmo no grupo os links tem prazos de validade, geralmente de tr\u00eas a seis meses. E que fique &#8216;cristalino&#8217;, n\u00e3o h\u00e1 renova\u00e7\u00e3o de links!<br \/>Falando do disco do dia, temos aqui, mais uma vez, o genial Antonio Adolfo com seu \u00e1lbum &#8220;Cristalino&#8221;, lan\u00e7ado em 1989. Um disco de produ\u00e7\u00e3o inicial independente, gravado no Est\u00fadio Chorus. Mais um bel\u00edssimo trabalho autoral, de m\u00fasica instrumental e contando com um time de instrumentistas de primeira linha. Repert\u00f3rio bacana no qual cabe at\u00e9 uma nova e bela vers\u00e3o para um de seus temas cl\u00e1ssicos, a composi\u00e7\u00e3o &#8220;S\u00e1 Marina, feita em parceria com Tib\u00e9rio Gaspar. Confiram mais esse &#8216;brazuca&#8217; no GTM&#8230;<\/div>\n<div class=\"article-content entry-content\">\n<div>\u00a0<\/div>\n<div>agitadinho<\/div>\n<div>trem da serra<\/div>\n<div>floresta<\/div>\n<div>bom dia<\/div>\n<div>cristalina<\/div>\n<div>1999<\/div>\n<div>crom\u00e1tico<\/div>\n<div>balada<\/div>\n<div>j.p. sauda\u00e7\u00f5es<\/div>\n<div>s\u00e1 marina<\/div>\n<p>.<\/p>\n<\/div>\n<div class=\"article-footer\">\n<div class=\"publish-info\">\u00a0<\/div>\n<\/div>","protected":false},"excerpt":{"rendered":"<p>Bom dia, amigos cultos e ocultos! Estamos h\u00e1 mais de uma d\u00e9cada postando discos dos mais diversos, raros e esquecidos. Trazendo de bandeja coisas que muitas vezes voc\u00eas conheceram aqui. Tudo sempre bacana, no capricho e com qualidade. Por certo, &hellip; <a href=\"https:\/\/www.toque-musicall.com\/?p=7218\">Continue lendo <span class=\"meta-nav\">&rarr;<\/span><\/a><\/p>\n","protected":false},"author":1,"featured_media":0,"comment_status":"open","ping_status":"closed","sticky":false,"template":"","format":"standard","meta":{"footnotes":""},"categories":[937,3498,257,2988],"tags":[3530],"class_list":["post-7218","post","type-post","status-publish","format-standard","hentry","category-antonio-adolfo","category-juan-moreno","category-selo-bemol","category-selo-chorus","tag-antonio-adolfo"],"_links":{"self":[{"href":"https:\/\/www.toque-musicall.com\/index.php?rest_route=\/wp\/v2\/posts\/7218","targetHints":{"allow":["GET"]}}],"collection":[{"href":"https:\/\/www.toque-musicall.com\/index.php?rest_route=\/wp\/v2\/posts"}],"about":[{"href":"https:\/\/www.toque-musicall.com\/index.php?rest_route=\/wp\/v2\/types\/post"}],"author":[{"embeddable":true,"href":"https:\/\/www.toque-musicall.com\/index.php?rest_route=\/wp\/v2\/users\/1"}],"replies":[{"embeddable":true,"href":"https:\/\/www.toque-musicall.com\/index.php?rest_route=%2Fwp%2Fv2%2Fcomments&post=7218"}],"version-history":[{"count":3,"href":"https:\/\/www.toque-musicall.com\/index.php?rest_route=\/wp\/v2\/posts\/7218\/revisions"}],"predecessor-version":[{"id":7238,"href":"https:\/\/www.toque-musicall.com\/index.php?rest_route=\/wp\/v2\/posts\/7218\/revisions\/7238"}],"wp:attachment":[{"href":"https:\/\/www.toque-musicall.com\/index.php?rest_route=%2Fwp%2Fv2%2Fmedia&parent=7218"}],"wp:term":[{"taxonomy":"category","embeddable":true,"href":"https:\/\/www.toque-musicall.com\/index.php?rest_route=%2Fwp%2Fv2%2Fcategories&post=7218"},{"taxonomy":"post_tag","embeddable":true,"href":"https:\/\/www.toque-musicall.com\/index.php?rest_route=%2Fwp%2Fv2%2Ftags&post=7218"}],"curies":[{"name":"wp","href":"https:\/\/api.w.org\/{rel}","templated":true}]}}