{"id":7222,"date":"2020-03-09T14:58:00","date_gmt":"2020-03-09T17:58:00","guid":{"rendered":"http:\/\/www.toque-musicall.com\/?p=7222"},"modified":"2020-03-14T15:05:17","modified_gmt":"2020-03-14T18:05:17","slug":"joe-pass-and-paulinho-da-costa-tudo-bem-1978-2","status":"publish","type":"post","link":"https:\/\/www.toque-musicall.com\/?p=7222","title":{"rendered":"Joe Pass And Paulinho Da Costa &#8211; Tudo Bem (1978)"},"content":{"rendered":"\n<figure class=\"wp-block-image size-large\"><img decoding=\"async\" src=\"https:\/\/1.bp.blogspot.com\/-DmtUhvHK5K8\/Xmr11VVoX3I\/AAAAAAAAQok\/HLBKLYibauYxjfG6B0LvtXuUolBS3DaxgCLcBGAsYHQ\/s640\/Anota%25C3%25A7%25C3%25A3o%2B2020-03-13%2B000558.jpg\" alt=\"\"\/><\/figure>\n\n\n\n<figure class=\"wp-block-image size-large\"><img decoding=\"async\" src=\"https:\/\/1.bp.blogspot.com\/--dgwxQz_cyE\/Xmr11KJ3yiI\/AAAAAAAAQog\/9nwHVL7G2T8QosiE85QuqGYlSRr9cSGRwCLcBGAsYHQ\/s640\/Anota%25C3%25A7%25C3%25A3o%2B2020-03-13%2B000707.jpg\" alt=\"\"\/><\/figure>\n\n\n<p>Boa noite prezados amigos cultos e ocultos, tudo bem? Por certo, nem tanto, mas &#8216;vamos levando&#8217;, nesse Brasil dominado por milicianos e canalhas&#8230; mas n\u00e3o vou falar disso. Vou repetir uma postagem&#8230;<\/p>\n<div>Hoje nossa trilha musical vai ser o jazz. Tenho para voc\u00eas este maravilhoso disco do guitarista americano, Joe Pass, reconhecidamente um dos maiores nomes do jazz internacional. Um guitarista dos mais interessantes, dono de um som cristalino e redondo nas cordas, que fez escola. Na verdade, pelo t\u00edtulo do \u00e1lbum, fica claro que se trata de um disco n\u00e3o apenas de Joe Pass, mas tamb\u00e9m do percussionista Paulinho da Costa e dos demais, Claudio Slon, Octavio Bailly, Oscar Castro Neves e Don Grusin, figurinhas emblem\u00e1ticas do &#8216;latin jazz&#8217; e outras bossas. Um \u00e1lbum inspirado, com um repert\u00f3rio essencialmente de compositores brasileiros como Tom Jobim, Marcos Valle, Menescal e Boscoli, Luiz Bonf\u00e1 e outros&#8230; Este lp foi lan\u00e7ado pela Pablo Records em 1978 e segundo o produtor, Norman Granz, a ideia da grava\u00e7\u00e3o veio depois que Joe Pass esteve no Brasil, no Carnaval de 77 e ficou encantado como os ritmos, principalmente o samba. Juntou-se \u00e0 Paulinho da Costa, outro artista da mesma gravadora, considerado at\u00e9 ent\u00e3o (e por eles americanos) o maior percussionista brasileiro. Este por sua vez recrutou os demais instrumentista, conhecedores nato (ou quase) da m\u00fasica brasileira. Todos, artistas tarimbados, brasileiros, americano e argentino. Segundo Norman, nas palavras de Joe Pass este foi o disco mais caloroso e mel\u00f3dico que ele gravou. E deve ser mesmo, afinal a m\u00fasica brasileira \u00e9 a melhor do mundo, porque sintetiza o nosso esp\u00edrito alegre e sabe absorver o dos outros e sem preconceitos. Como diz a minha secret\u00e1ria dom\u00e9stica, \u00e9 tudo de bom! Tudo bem!<\/div>\n<div>\u00a0<\/div>\n<div>corcovado<\/div>\n<div>tears (raz\u00e3o de viver)<\/div>\n<div>wave<\/div>\n<div>voc\u00ea<\/div>\n<div>if you went away<\/div>\n<div>que que h\u00e1?<\/div>\n<div>the gentle rain (chuva delicada)<\/div>\n<div>barquinho<\/div>\n<div>luciana<\/div>\n<div>i live to love<\/div>","protected":false},"excerpt":{"rendered":"<p>Boa noite prezados amigos cultos e ocultos, tudo bem? Por certo, nem tanto, mas &#8216;vamos levando&#8217;, nesse Brasil dominado por milicianos e canalhas&#8230; mas n\u00e3o vou falar disso. Vou repetir uma postagem&#8230; Hoje nossa trilha musical vai ser o jazz. &hellip; <a href=\"https:\/\/www.toque-musicall.com\/?p=7222\">Continue lendo <span class=\"meta-nav\">&rarr;<\/span><\/a><\/p>\n","protected":false},"author":1,"featured_media":0,"comment_status":"closed","ping_status":"closed","sticky":false,"template":"","format":"standard","meta":{"footnotes":""},"categories":[3504,1289,3505,361,1290,3506],"tags":[3508,3509,3510,3507],"class_list":["post-7222","post","type-post","status-publish","format-standard","hentry","category-claudio-slon","category-joe-pass","category-octavio-bailly","category-oscar-castro-neves","category-paulinho-da-costa","category-selo-pablo","tag-joe-pass","tag-oscar-castro-neves","tag-paulinho-da-costa","tag-selo-pablo"],"_links":{"self":[{"href":"https:\/\/www.toque-musicall.com\/index.php?rest_route=\/wp\/v2\/posts\/7222","targetHints":{"allow":["GET"]}}],"collection":[{"href":"https:\/\/www.toque-musicall.com\/index.php?rest_route=\/wp\/v2\/posts"}],"about":[{"href":"https:\/\/www.toque-musicall.com\/index.php?rest_route=\/wp\/v2\/types\/post"}],"author":[{"embeddable":true,"href":"https:\/\/www.toque-musicall.com\/index.php?rest_route=\/wp\/v2\/users\/1"}],"replies":[{"embeddable":true,"href":"https:\/\/www.toque-musicall.com\/index.php?rest_route=%2Fwp%2Fv2%2Fcomments&post=7222"}],"version-history":[{"count":1,"href":"https:\/\/www.toque-musicall.com\/index.php?rest_route=\/wp\/v2\/posts\/7222\/revisions"}],"predecessor-version":[{"id":7223,"href":"https:\/\/www.toque-musicall.com\/index.php?rest_route=\/wp\/v2\/posts\/7222\/revisions\/7223"}],"wp:attachment":[{"href":"https:\/\/www.toque-musicall.com\/index.php?rest_route=%2Fwp%2Fv2%2Fmedia&parent=7222"}],"wp:term":[{"taxonomy":"category","embeddable":true,"href":"https:\/\/www.toque-musicall.com\/index.php?rest_route=%2Fwp%2Fv2%2Fcategories&post=7222"},{"taxonomy":"post_tag","embeddable":true,"href":"https:\/\/www.toque-musicall.com\/index.php?rest_route=%2Fwp%2Fv2%2Ftags&post=7222"}],"curies":[{"name":"wp","href":"https:\/\/api.w.org\/{rel}","templated":true}]}}