{"id":7226,"date":"2020-03-10T15:10:00","date_gmt":"2020-03-10T18:10:00","guid":{"rendered":"http:\/\/www.toque-musicall.com\/?p=7226"},"modified":"2020-03-14T15:14:44","modified_gmt":"2020-03-14T18:14:44","slug":"fernando-bocca-abner-antonio-bahiense-luiz-ouro-preto-fera-solta-1983","status":"publish","type":"post","link":"https:\/\/www.toque-musicall.com\/?p=7226","title":{"rendered":"Fernando Bocca Abner Antonio Bahiense Luiz Ouro Preto &#8211; Fera Solta (1983)"},"content":{"rendered":"\n<figure class=\"wp-block-image size-large\"><img decoding=\"async\" src=\"https:\/\/1.bp.blogspot.com\/-nD-nJ2OaNpU\/XmzAQxGIOlI\/AAAAAAAAQqE\/IwEgqrj6L4wOK1SA_GfC7RR4uRxusdgFgCLcBGAsYHQ\/s640\/Anota%25C3%25A7%25C3%25A3o%2B2020-03-14%2B082514.jpg\" alt=\"\"\/><\/figure>\n\n\n\n<figure class=\"wp-block-image size-large\"><img decoding=\"async\" src=\"https:\/\/1.bp.blogspot.com\/-c1DrIrkT5Zw\/XmzARFn2SjI\/AAAAAAAAQqI\/cpUDAhQhBaU2KZXpl4XLX-UG9_1MuCbpQCLcBGAsYHQ\/s640\/Anota%25C3%25A7%25C3%25A3o%2B2020-03-14%2B082558.jpg\" alt=\"\"\/><\/figure>\n\n\n<p>Ol\u00e1, amigos cultos e ocultos! Vez por outra tenho eu trombado com este disco, o &#8220;Fera Solta&#8221; e n\u00e3o \u00e9 de hoje. A primeira vez que vi, achei que fosse um disco de rock, pois a capa e o t\u00edtulo s\u00e3o bem sugestivos. Como disse, eu vi, apenas vi e n\u00e3o o ouvi. Foi s\u00f3 mesmo passado os anos que vim a conhec\u00ea-lo. Confesso que na primeira audi\u00e7\u00e3o eu n\u00e3o gostei muito, achei meio pop, ou talvez tenha criando uma outra expectativa, at\u00e9 porqu\u00ea eu j\u00e1 conhecia um pouco o trabalho de alguns dos artistas que s\u00e3o mineiros. Fernando Bocca, o grupo Pendulum, Antonio Bahiense, Abner e Luiz Ouro Preto s\u00e3o os artistas que fazem parte dessa cooperativa. Uma produ\u00e7\u00e3o que ficou a cargo do Fernando Bocca e dire\u00e7\u00e3o de Osmar Zan (filho do acordeonista e tamb\u00e9m produtor M\u00e1rio Zan) para o selo Brasidisc. Na internet h\u00e1 pouqu\u00edssimas informa\u00e7\u00f5es sobre este disco e tamb\u00e9m sobre seus artistas. Mesmo sendo aqui de Minas, artistas que compunham a cena musical de Belo Horizonte, pouco consegui de informa\u00e7\u00e3o sobre eles. Bocca, infelizmente faleceu, creio que ainda nos anos 90. O grupo Pendulum est\u00e1 na ativa desde os anos 70 se apresentando em casas noturnas e bailes. Antonio Bahiense era um publicit\u00e1rio que trocou o desenho pela m\u00fasica, sendo ainda hoje um cantor da noite. Abner (Nascimento) era parceiro de Jo\u00e3o Boamorte, hoje atende pelo nome art\u00edstico de Bin\u00e9 Zimmer e Luiz Ouro Preto, infelizmente n\u00e3o achei nada sobre ele&#8230;\u00a0 Mas est\u00e3o aqui, presentes nesse \u00e1lbum chamado &#8220;Fera Solta&#8221;, cujo o lan\u00e7amento, se n\u00e3o me engano, foi em 1983. Melhor que ficar tentando explicar \u00e9 ouvir o que eles tem para tocar. Confiram o \u00e1udio no GTM.<\/p>\n<div>at\u00e9 o dia amanhecer &#8211; fernando bocca<\/div>\n<div>frege 69 &#8211; abner<\/div>\n<div>cheirosa e gostosa &#8211; pendulum<\/div>\n<div>cora\u00e7\u00e3o urbano &#8211; luiz ouro preto<\/div>\n<div>levantei com o p\u00e9 direito &#8211; antonio bahiense<\/div>\n<div>massacrante &#8211; fernando bocca<\/div>\n<div>dona encrenca &#8211; pendulum<\/div>\n<div>fica a vontade &#8211; abner<\/div>\n<div>conselho &#8211; antonio baihense<\/div>\n<div>cristal &#8211; luiz ouro preto<\/div>\n<p>\u00a0<\/p>","protected":false},"excerpt":{"rendered":"<p>Ol\u00e1, amigos cultos e ocultos! Vez por outra tenho eu trombado com este disco, o &#8220;Fera Solta&#8221; e n\u00e3o \u00e9 de hoje. A primeira vez que vi, achei que fosse um disco de rock, pois a capa e o t\u00edtulo &hellip; <a href=\"https:\/\/www.toque-musicall.com\/?p=7226\">Continue lendo <span class=\"meta-nav\">&rarr;<\/span><\/a><\/p>\n","protected":false},"author":1,"featured_media":0,"comment_status":"closed","ping_status":"closed","sticky":false,"template":"","format":"standard","meta":{"footnotes":""},"categories":[3518,3519,3517,3515,3516,3520],"tags":[3521,3522,3524,3523,3525],"class_list":["post-7226","post","type-post","status-publish","format-standard","hentry","category-abner","category-antonio-bahiense","category-fernando-bocca","category-luiz-ouro-preto","category-pendulum","category-selo-brasidisc","tag-antonio-bahiense","tag-fernando-bocca","tag-luiz-ouro-preto","tag-pendulum","tag-selo-brasidisc"],"_links":{"self":[{"href":"https:\/\/www.toque-musicall.com\/index.php?rest_route=\/wp\/v2\/posts\/7226","targetHints":{"allow":["GET"]}}],"collection":[{"href":"https:\/\/www.toque-musicall.com\/index.php?rest_route=\/wp\/v2\/posts"}],"about":[{"href":"https:\/\/www.toque-musicall.com\/index.php?rest_route=\/wp\/v2\/types\/post"}],"author":[{"embeddable":true,"href":"https:\/\/www.toque-musicall.com\/index.php?rest_route=\/wp\/v2\/users\/1"}],"replies":[{"embeddable":true,"href":"https:\/\/www.toque-musicall.com\/index.php?rest_route=%2Fwp%2Fv2%2Fcomments&post=7226"}],"version-history":[{"count":1,"href":"https:\/\/www.toque-musicall.com\/index.php?rest_route=\/wp\/v2\/posts\/7226\/revisions"}],"predecessor-version":[{"id":7227,"href":"https:\/\/www.toque-musicall.com\/index.php?rest_route=\/wp\/v2\/posts\/7226\/revisions\/7227"}],"wp:attachment":[{"href":"https:\/\/www.toque-musicall.com\/index.php?rest_route=%2Fwp%2Fv2%2Fmedia&parent=7226"}],"wp:term":[{"taxonomy":"category","embeddable":true,"href":"https:\/\/www.toque-musicall.com\/index.php?rest_route=%2Fwp%2Fv2%2Fcategories&post=7226"},{"taxonomy":"post_tag","embeddable":true,"href":"https:\/\/www.toque-musicall.com\/index.php?rest_route=%2Fwp%2Fv2%2Ftags&post=7226"}],"curies":[{"name":"wp","href":"https:\/\/api.w.org\/{rel}","templated":true}]}}