{"id":7228,"date":"2020-03-12T15:49:00","date_gmt":"2020-03-12T18:49:00","guid":{"rendered":"http:\/\/www.toque-musicall.com\/?p=7228"},"modified":"2020-03-18T05:37:08","modified_gmt":"2020-03-18T08:37:08","slug":"carlos-do-carmo-1972","status":"publish","type":"post","link":"https:\/\/www.toque-musicall.com\/?p=7228","title":{"rendered":"Carlos Do Carmo (1972)"},"content":{"rendered":"\n<figure class=\"wp-block-image size-large\"><img decoding=\"async\" src=\"https:\/\/1.bp.blogspot.com\/-KtF9dDGenww\/XmzDOMRhQOI\/AAAAAAAAQqs\/WypkYi_VLkM0z5nVm-gv2VOoUFvmxqP2ACLcBGAsYHQ\/s640\/Anota%25C3%25A7%25C3%25A3o%2B2020-03-14%2B085619.jpg\" alt=\"\"\/><\/figure>\n\n\n\n<figure class=\"wp-block-image size-large\"><img decoding=\"async\" src=\"https:\/\/1.bp.blogspot.com\/-1OuyDAp2cTg\/XmzDNwK5UGI\/AAAAAAAAQqo\/nQcpsYjMU-oiv3XdirV8TDnGqJOOztTdgCLcBGAsYHQ\/s640\/Anota%25C3%25A7%25C3%25A3o%2B2020-03-14%2B085659.jpg\" alt=\"\"\/><\/figure>\n\n\n<p>Boa tarde, amigos cultos e ocultos! Fugindo um pouco do habitual, tenho para hoje um disco estrangeiro. Como todos devem saber, vez por outra eu gosto de postar aqui discos e artistas internacionais. Antes eu o fazia atento ao fato de ter o disco alguma liga\u00e7\u00e3o com o Brasil. Hoje em dia n\u00e3o me preocupo mais com isso, cheguei at\u00e9 a criar na &#8216;semana tem\u00e1tica&#8217; um espa\u00e7o para discos internacionais. Assim, eventualmente, teremos sempre alguma surpresa. E para o momento, trago a voc\u00eas um cantor portugu\u00eas, o fadista Carlos do Carmo, um artista da &#8216;terrinha&#8217; que iniciou sua carreira no in\u00edcio dos anos 60. Seu pai era propriet\u00e1rio de uma das mais importantes casa de fado de Lisboa, O Faia. Ao tomar a ger\u00eancia da casa, ap\u00f3s a morte do pai, Carlos passa tamb\u00e9m a cantar para os clientes e amigos. Tomou gosto pela coisa e a partir de 64 assume de vez a carreira art\u00edstica. Como cantor recebeu in\u00fameros pr\u00eamios, gravou dezenas de discos e ao que consta, continua ativo como cantor. Neste lp que agora apresento, temos o artista indo al\u00e9m do tradicional fado. Aqui encontramos um repert\u00f3rio de m\u00fasica popular, onde ele canta can\u00e7\u00f5es rom\u00e2nticas, mas tamb\u00e9m h\u00e1 espa\u00e7o para o velho e bom fado. Ele vem acompanhado pela orquestra do maestro Jorge Costa Pinto. Ora, pois, pois&#8230; Confira agora e n\u00e3o deixem pra depois. T\u00e1 no GTM, ok? \ud83d\ude09<\/p>\n<div>ferro velho<\/div>\n<div>aurora boreal<\/div>\n<div>can\u00e7\u00e3o de madrugar<\/div>\n<div>soneto XIV<\/div>\n<div>dizer que sim a vida<\/div>\n<div>amor total<\/div>\n<div>canoas do tejo<\/div>\n<div>partir e morrer um pouco<\/div>\n<div>o fruto da vida<\/div>\n<div>can\u00e7\u00e3o grata<\/div>\n<div>n\u00e3o digam ao fado<\/div>\n<div>fado dos sonhos<\/div>\n<p>.<\/p>","protected":false},"excerpt":{"rendered":"<p>Boa tarde, amigos cultos e ocultos! Fugindo um pouco do habitual, tenho para hoje um disco estrangeiro. Como todos devem saber, vez por outra eu gosto de postar aqui discos e artistas internacionais. Antes eu o fazia atento ao fato &hellip; <a href=\"https:\/\/www.toque-musicall.com\/?p=7228\">Continue lendo <span class=\"meta-nav\">&rarr;<\/span><\/a><\/p>\n","protected":false},"author":1,"featured_media":0,"comment_status":"closed","ping_status":"closed","sticky":false,"template":"","format":"standard","meta":{"footnotes":""},"categories":[3526,2897,355],"tags":[3539,3266,3527],"class_list":["post-7228","post","type-post","status-publish","format-standard","hentry","category-carlos-do-carmo","category-internacional","category-selo-tecla","tag-carlos-do-carmo","tag-internacional","tag-selo-tecla"],"_links":{"self":[{"href":"https:\/\/www.toque-musicall.com\/index.php?rest_route=\/wp\/v2\/posts\/7228","targetHints":{"allow":["GET"]}}],"collection":[{"href":"https:\/\/www.toque-musicall.com\/index.php?rest_route=\/wp\/v2\/posts"}],"about":[{"href":"https:\/\/www.toque-musicall.com\/index.php?rest_route=\/wp\/v2\/types\/post"}],"author":[{"embeddable":true,"href":"https:\/\/www.toque-musicall.com\/index.php?rest_route=\/wp\/v2\/users\/1"}],"replies":[{"embeddable":true,"href":"https:\/\/www.toque-musicall.com\/index.php?rest_route=%2Fwp%2Fv2%2Fcomments&post=7228"}],"version-history":[{"count":2,"href":"https:\/\/www.toque-musicall.com\/index.php?rest_route=\/wp\/v2\/posts\/7228\/revisions"}],"predecessor-version":[{"id":7248,"href":"https:\/\/www.toque-musicall.com\/index.php?rest_route=\/wp\/v2\/posts\/7228\/revisions\/7248"}],"wp:attachment":[{"href":"https:\/\/www.toque-musicall.com\/index.php?rest_route=%2Fwp%2Fv2%2Fmedia&parent=7228"}],"wp:term":[{"taxonomy":"category","embeddable":true,"href":"https:\/\/www.toque-musicall.com\/index.php?rest_route=%2Fwp%2Fv2%2Fcategories&post=7228"},{"taxonomy":"post_tag","embeddable":true,"href":"https:\/\/www.toque-musicall.com\/index.php?rest_route=%2Fwp%2Fv2%2Ftags&post=7228"}],"curies":[{"name":"wp","href":"https:\/\/api.w.org\/{rel}","templated":true}]}}