{"id":723,"date":"2010-09-08T18:29:00","date_gmt":"2010-09-08T18:29:00","guid":{"rendered":"http:\/\/www.toque-musicall.com\/?p=723"},"modified":"2010-09-08T18:29:00","modified_gmt":"2010-09-08T18:29:00","slug":"smack-noite-e-dia-1986","status":"publish","type":"post","link":"https:\/\/www.toque-musicall.com\/?p=723","title":{"rendered":"Smack &#8211; Noite E Dia (1986)"},"content":{"rendered":"<p><a href=\"http:\/\/3.bp.blogspot.com\/_DSKVEvHtskc\/TIfWElgHeoI\/AAAAAAAAG_Y\/fLsTtYMstyg\/s1600\/smack+P.JPG\"><img decoding=\"async\" id=\"BLOGGER_PHOTO_ID_5514611643013102210\" style=\"DISPLAY: block; MARGIN: 0px auto 10px; WIDTH: 396px; CURSOR: hand; HEIGHT: 400px; TEXT-ALIGN: center\" alt=\"\" src=\"http:\/\/3.bp.blogspot.com\/_DSKVEvHtskc\/TIfWElgHeoI\/AAAAAAAAG_Y\/fLsTtYMstyg\/s400\/smack+P.JPG\" border=\"0\" \/><\/a>Da \u00faltima vez que eu fiz uma semana de postagem dedicada ao rock\/pop nacional, acabei fazendo algumas dobradinhas, com duas postagens por dia. Mesmo sem ter muito tempo dispon\u00edvel para ficar aqui criando novas postagens, n\u00e3o resisti a tenta\u00e7\u00e3o de mais uma dose. Coincidentemente, da outra vez, na dobradinha, eu postei um disco do Smack, o <a href=\"http:\/\/toque-musicall.blogspot.com\/2008\/09\/smack-ao-vivo-no-mosh-1985.html\">&#8220;Ao vivo no Mosh&#8221;.<\/a> Vamos ent\u00e3o ao segundo e \u00faltimo trabalho dessa banda de vida ef\u00eamera, mas que gerou frutos como o Ira!, As Mercen\u00e1rias e Fellini. Eis a\u00ed algumas das poucas e boas coisas feitas nos anos 80. Por favor, n\u00e3o me crucifiquem, isso \u00e9 apenas uma quest\u00e3o pessoal \ud83d\ude09 Um ponto de vista de um virginiano chato.<\/p>\n<div align=\"center\">abertura<\/div>\n<div align=\"center\">pequena resson\u00e2ncia<\/div>\n<div align=\"center\">n\u00e3o enlouque\u00e7a<\/div>\n<div align=\"center\">cavalos<\/div>\n<div align=\"center\">r\u00e1dio smack<\/div>\n<div align=\"center\">sete nomes<\/div>\n<div align=\"center\">desafinado<\/div>\n<div align=\"center\">just reality<\/div>\n<div align=\"center\">noite e dia<\/div>\n<div align=\"center\"> <\/div>\n<div align=\"center\"> <\/div>\n","protected":false},"excerpt":{"rendered":"<p>Da \u00faltima vez que eu fiz uma semana de postagem dedicada ao rock\/pop nacional, acabei fazendo algumas dobradinhas, com duas postagens por dia. Mesmo sem ter muito tempo dispon\u00edvel para ficar aqui criando novas postagens, n\u00e3o resisti a tenta\u00e7\u00e3o de &hellip; <a href=\"https:\/\/www.toque-musicall.com\/?p=723\">Continue lendo <span class=\"meta-nav\">&rarr;<\/span><\/a><\/p>\n","protected":false},"author":1,"featured_media":0,"comment_status":"open","ping_status":"closed","sticky":false,"template":"","format":"standard","meta":{"footnotes":""},"categories":[1032],"tags":[],"class_list":["post-723","post","type-post","status-publish","format-standard","hentry","category-smack"],"_links":{"self":[{"href":"https:\/\/www.toque-musicall.com\/index.php?rest_route=\/wp\/v2\/posts\/723","targetHints":{"allow":["GET"]}}],"collection":[{"href":"https:\/\/www.toque-musicall.com\/index.php?rest_route=\/wp\/v2\/posts"}],"about":[{"href":"https:\/\/www.toque-musicall.com\/index.php?rest_route=\/wp\/v2\/types\/post"}],"author":[{"embeddable":true,"href":"https:\/\/www.toque-musicall.com\/index.php?rest_route=\/wp\/v2\/users\/1"}],"replies":[{"embeddable":true,"href":"https:\/\/www.toque-musicall.com\/index.php?rest_route=%2Fwp%2Fv2%2Fcomments&post=723"}],"version-history":[{"count":0,"href":"https:\/\/www.toque-musicall.com\/index.php?rest_route=\/wp\/v2\/posts\/723\/revisions"}],"wp:attachment":[{"href":"https:\/\/www.toque-musicall.com\/index.php?rest_route=%2Fwp%2Fv2%2Fmedia&parent=723"}],"wp:term":[{"taxonomy":"category","embeddable":true,"href":"https:\/\/www.toque-musicall.com\/index.php?rest_route=%2Fwp%2Fv2%2Fcategories&post=723"},{"taxonomy":"post_tag","embeddable":true,"href":"https:\/\/www.toque-musicall.com\/index.php?rest_route=%2Fwp%2Fv2%2Ftags&post=723"}],"curies":[{"name":"wp","href":"https:\/\/api.w.org\/{rel}","templated":true}]}}