{"id":7232,"date":"2020-03-13T21:57:00","date_gmt":"2020-03-14T00:57:00","guid":{"rendered":"http:\/\/www.toque-musicall.com\/?p=7232"},"modified":"2020-03-14T22:00:35","modified_gmt":"2020-03-15T01:00:35","slug":"trio-surdina-em-bossa-nova-1963","status":"publish","type":"post","link":"https:\/\/www.toque-musicall.com\/?p=7232","title":{"rendered":"Trio Surdina &#8211; Em Bossa Nova (1963)"},"content":{"rendered":"\n<figure class=\"wp-block-image size-large\"><img decoding=\"async\" src=\"https:\/\/1.bp.blogspot.com\/-7Wc-f54F6WI\/XmzEClfQBOI\/AAAAAAAAQq4\/L5noN2_dCGcwf7BALeoO2IZNBkEkMUxYwCEwYBhgL\/s640\/Anota%25C3%25A7%25C3%25A3o%2B2020-03-14%2B090203.jpg\" alt=\"\"\/><\/figure>\n\n\n\n<figure class=\"wp-block-image size-large\"><img decoding=\"async\" src=\"https:\/\/1.bp.blogspot.com\/-Du7C1nhBtPw\/XmzEC7y1RQI\/AAAAAAAAQq8\/VezAMvXF7iId7q-HLamXN__B0ZcIHn-kQCEwYBhgL\/s640\/Anota%25C3%25A7%25C3%25A3o%2B2020-03-14%2B090130.jpg\" alt=\"\"\/><\/figure>\n\n\n<p>Boa noite, amigos cultos e ocultos! Voc\u00eas que acompanham as postagens sabem o quanto gostamos do Trio Surdina por aqui. J\u00e1 postamos v\u00e1rios discos desse trio, que ao longo de sua exist\u00eancia teve em sua forma\u00e7\u00e3o diferentes instrumentistas. Neste disco de 63, ap\u00f3s um hiato, eles marcam um retorno com uma tremenda escala\u00e7\u00e3o: Waltel Branco no viol\u00e3o, Patan\u00e9 no violino e Chiquinho do Acordeon, membro da forma\u00e7\u00e3o original (que antes era Faf\u00e1 Lemos, Chiquinho e Garoto). Desta vez o Trio Surdina vai de Bossa Nova e para engrossar o caldo contam ainda com Rubens Bassini, na percuss\u00e3o, Pl\u00ednio, na bateria e Ary Carvalhaes, no contrabaixo. O repert\u00f3rio \u00e9 fino, com arranjos sofisticados do mestre Waltel Branco. N\u00e3o bastasse, trata-se de uma produ\u00e7\u00e3o da Musidisc. Grava\u00e7\u00e3o impec\u00e1vel em um dos primeiros discos est\u00e9reo fabricados no Brasil. Confiram essa joinha no GTM.<\/p>\n<div>corcovado<\/div>\n<div>hist\u00f3ria<\/div>\n<div>depois do carnaval<\/div>\n<div>chega de sofrer<\/div>\n<div>preciso dar um jeito<\/div>\n<div>lindos olhos azuis<\/div>\n<div>que saudade<\/div>\n<div>deixa a nega gingar<\/div>\n<div>samba em prel\u00fadio<\/div>\n<div>menino desce da\u00ed<\/div>\n<div>de mais amor<\/div>\n<div>o amor em paz<\/div>\n<div>\u00a0<\/div>\n<div>\u00a0<\/div>\n<div>.<\/div>","protected":false},"excerpt":{"rendered":"<p>Boa noite, amigos cultos e ocultos! Voc\u00eas que acompanham as postagens sabem o quanto gostamos do Trio Surdina por aqui. J\u00e1 postamos v\u00e1rios discos desse trio, que ao longo de sua exist\u00eancia teve em sua forma\u00e7\u00e3o diferentes instrumentistas. Neste disco &hellip; <a href=\"https:\/\/www.toque-musicall.com\/?p=7232\">Continue lendo <span class=\"meta-nav\">&rarr;<\/span><\/a><\/p>\n","protected":false},"author":1,"featured_media":0,"comment_status":"closed","ping_status":"closed","sticky":false,"template":"","format":"standard","meta":{"footnotes":""},"categories":[35,737],"tags":[3514,3528],"class_list":["post-7232","post","type-post","status-publish","format-standard","hentry","category-selo-musidisc","category-trio-surdina","tag-selo-musidisc","tag-trio-surdina"],"_links":{"self":[{"href":"https:\/\/www.toque-musicall.com\/index.php?rest_route=\/wp\/v2\/posts\/7232","targetHints":{"allow":["GET"]}}],"collection":[{"href":"https:\/\/www.toque-musicall.com\/index.php?rest_route=\/wp\/v2\/posts"}],"about":[{"href":"https:\/\/www.toque-musicall.com\/index.php?rest_route=\/wp\/v2\/types\/post"}],"author":[{"embeddable":true,"href":"https:\/\/www.toque-musicall.com\/index.php?rest_route=\/wp\/v2\/users\/1"}],"replies":[{"embeddable":true,"href":"https:\/\/www.toque-musicall.com\/index.php?rest_route=%2Fwp%2Fv2%2Fcomments&post=7232"}],"version-history":[{"count":1,"href":"https:\/\/www.toque-musicall.com\/index.php?rest_route=\/wp\/v2\/posts\/7232\/revisions"}],"predecessor-version":[{"id":7233,"href":"https:\/\/www.toque-musicall.com\/index.php?rest_route=\/wp\/v2\/posts\/7232\/revisions\/7233"}],"wp:attachment":[{"href":"https:\/\/www.toque-musicall.com\/index.php?rest_route=%2Fwp%2Fv2%2Fmedia&parent=7232"}],"wp:term":[{"taxonomy":"category","embeddable":true,"href":"https:\/\/www.toque-musicall.com\/index.php?rest_route=%2Fwp%2Fv2%2Fcategories&post=7232"},{"taxonomy":"post_tag","embeddable":true,"href":"https:\/\/www.toque-musicall.com\/index.php?rest_route=%2Fwp%2Fv2%2Ftags&post=7232"}],"curies":[{"name":"wp","href":"https:\/\/api.w.org\/{rel}","templated":true}]}}