{"id":7239,"date":"2020-03-15T22:40:00","date_gmt":"2020-03-16T01:40:00","guid":{"rendered":"http:\/\/www.toque-musicall.com\/?p=7239"},"modified":"2020-03-18T05:35:03","modified_gmt":"2020-03-18T08:35:03","slug":"pae-joao-dangola-196","status":"publish","type":"post","link":"https:\/\/www.toque-musicall.com\/?p=7239","title":{"rendered":"Pai Jo\u00e3o D&#8217;Angola (196&#8230;)"},"content":{"rendered":"\n<figure class=\"wp-block-image size-large\"><img decoding=\"async\" src=\"https:\/\/1.bp.blogspot.com\/-6jG60cWsJD8\/XnAOmXNrgCI\/AAAAAAAAQr4\/VASCVj9RSBkAbbyUb9pfLtDgpJJPLRL2wCLcBGAsYHQ\/s640\/Anota%25C3%25A7%25C3%25A3o%2B2020-03-16%2B202738.jpg\" alt=\"\"\/><\/figure>\n\n\n\n<figure class=\"wp-block-image size-large\"><img decoding=\"async\" src=\"https:\/\/1.bp.blogspot.com\/-BtXujGNGO6I\/XnAOlp1ljZI\/AAAAAAAAQr0\/kBr2bzFVG00wioQ3rILmvZWaqNZlpOdCgCLcBGAsYHQ\/s640\/Anota%25C3%25A7%25C3%25A3o%2B2020-03-16%2B202904.jpg\" alt=\"\"\/><\/figure>\n\n\n<p>Boa noite, amigos cultos e ocultos. Revendo as coisas aqui, percebo que poucas foram as vezes que postamos aqui discos relacionados ao Candombl\u00e9 e a Umbanda. Acho que isso se d\u00e1 muito pelo fato de que poucos foram os meus acessos a esses tipos de discos. Ali\u00e1s, me parece que boa parte dos discos de Umbanda s\u00e3o produ\u00e7\u00f5es independentes, ou circulavam s\u00f3 nas m\u00e3os e vitrolas de quem \u00e9 de f\u00e9. H\u00e1 um blog bem legal chamado &#8220;Discos de Umbanda&#8221;, onde se pode encontrar muita coisa. Este, &#8220;Pai Jo\u00e3o D&#8217;Angola&#8221; que apresento aqui, por acaso, eu n\u00e3o vi por l\u00e1. Ent\u00e3o vamos que vamos&#8230;<br>Disco do selo Caritas, provavelmente lan\u00e7ado no final dos anos 60. Replico aqui um trecho do texto da contracapa para fechar o toque: &#8220;A presente grava\u00e7\u00e3o foi realizada com a colabora\u00e7\u00e3o da Tenda Virgem Maria, de Belo Horizonte, dirigida pelo zelador de Santo, Dorico, nome por demais conhecido no r\u00e1dio mineiro desde 1946 e muito mais ainda na Umbanda, onde pontifica h\u00e1 longos anos, filho de Santo que \u00e9, de Tancredo da Silva Pinto, Dig Presidente da Confedera\u00e7\u00e3o Umbandista do Brasil.&#8221; Confiram no GTM&#8230;<\/p>\n<div>sauda\u00e7\u00e3o a ex\u00fa<\/div>\n<div>sauda\u00e7\u00e3o a pomba gira<\/div>\n<div>sauda\u00e7\u00e3o a ex\u00fa<\/div>\n<div>sauda\u00e7\u00e3o a defuma\u00e7\u00e3o<\/div>\n<div>sauda\u00e7\u00e3o a pemba<\/div>\n<div>sauda\u00e7\u00e3o a ogum<\/div>\n<div>sauda\u00e7\u00e3o a ogum<\/div>\n<div>sauda\u00e7\u00e3o a xang\u00f4<\/div>\n<div>sauda\u00e7\u00e3o a xang\u00f4<\/div>\n<div>sauda\u00e7\u00e3o a catend\u00ea<\/div>\n<div>sauda\u00e7\u00e3o a oxum<\/div>\n<div>sauda\u00e7\u00e3o a oxum<\/div>\n<div>sauda\u00e7\u00e3o a oxum<\/div>\n<div>sauda\u00e7\u00e3o a nh\u00e3-s\u00e3<\/div>\n<div>sauda\u00e7\u00e3o a caboclo da morunganga<\/div>\n<div>sauda\u00e7\u00e3o a tempo<\/div>\n<div>sauda\u00e7\u00e3o a tempo<\/div>\n<div>sauda\u00e7\u00e3o a tempo<\/div>\n<div>sauda\u00e7\u00e3o a oxossi<\/div>\n<div>sauda\u00e7\u00e3o a iemanj\u00e1<\/div>\n<div>sauda\u00e7\u00e3o a caboclos<\/div>\n<div>sauda\u00e7\u00e3o a todos os caboclos<\/div>\n<div>despedida dos caboclos<\/div>\n<div>sauda\u00e7\u00e3o ao povo do congo<\/div>\n<div>sarav\u00e1 ao povo do congo<\/div>\n<div>povo do congo<\/div>\n<div>&nbsp;<\/div>\n<div>&nbsp;<\/div>\n<div>.<\/div>","protected":false},"excerpt":{"rendered":"<p>Boa noite, amigos cultos e ocultos. Revendo as coisas aqui, percebo que poucas foram as vezes que postamos aqui discos relacionados ao Candombl\u00e9 e a Umbanda. Acho que isso se d\u00e1 muito pelo fato de que poucos foram os meus &hellip; <a href=\"https:\/\/www.toque-musicall.com\/?p=7239\">Continue lendo <span class=\"meta-nav\">&rarr;<\/span><\/a><\/p>\n","protected":false},"author":1,"featured_media":0,"comment_status":"closed","ping_status":"closed","sticky":false,"template":"","format":"standard","meta":{"footnotes":""},"categories":[3531,3532],"tags":[3538,3533],"class_list":["post-7239","post","type-post","status-publish","format-standard","hentry","category-pai-joao-dangola","category-selo-caritas-2","tag-pai-joao-dangola-2","tag-selo-caritas"],"_links":{"self":[{"href":"https:\/\/www.toque-musicall.com\/index.php?rest_route=\/wp\/v2\/posts\/7239","targetHints":{"allow":["GET"]}}],"collection":[{"href":"https:\/\/www.toque-musicall.com\/index.php?rest_route=\/wp\/v2\/posts"}],"about":[{"href":"https:\/\/www.toque-musicall.com\/index.php?rest_route=\/wp\/v2\/types\/post"}],"author":[{"embeddable":true,"href":"https:\/\/www.toque-musicall.com\/index.php?rest_route=\/wp\/v2\/users\/1"}],"replies":[{"embeddable":true,"href":"https:\/\/www.toque-musicall.com\/index.php?rest_route=%2Fwp%2Fv2%2Fcomments&post=7239"}],"version-history":[{"count":4,"href":"https:\/\/www.toque-musicall.com\/index.php?rest_route=\/wp\/v2\/posts\/7239\/revisions"}],"predecessor-version":[{"id":7247,"href":"https:\/\/www.toque-musicall.com\/index.php?rest_route=\/wp\/v2\/posts\/7239\/revisions\/7247"}],"wp:attachment":[{"href":"https:\/\/www.toque-musicall.com\/index.php?rest_route=%2Fwp%2Fv2%2Fmedia&parent=7239"}],"wp:term":[{"taxonomy":"category","embeddable":true,"href":"https:\/\/www.toque-musicall.com\/index.php?rest_route=%2Fwp%2Fv2%2Fcategories&post=7239"},{"taxonomy":"post_tag","embeddable":true,"href":"https:\/\/www.toque-musicall.com\/index.php?rest_route=%2Fwp%2Fv2%2Ftags&post=7239"}],"curies":[{"name":"wp","href":"https:\/\/api.w.org\/{rel}","templated":true}]}}