{"id":7249,"date":"2020-03-06T20:55:00","date_gmt":"2020-03-06T23:55:00","guid":{"rendered":"http:\/\/www.toque-musicall.com\/?p=7249"},"modified":"2020-03-19T21:01:51","modified_gmt":"2020-03-20T00:01:51","slug":"moreno-e-moreninho-e-sua-embaixada-bandeira-de-santos-reis-1991","status":"publish","type":"post","link":"https:\/\/www.toque-musicall.com\/?p=7249","title":{"rendered":"Moreno E Moreninho E Sua Embaixada &#8211; Bandeira De Santos Reis (1991)"},"content":{"rendered":"\n<figure class=\"wp-block-image size-large\"><img decoding=\"async\" src=\"https:\/\/1.bp.blogspot.com\/-iLGTuXbyHV4\/Xmy6KY8MSKI\/AAAAAAAAQpg\/SYy6OaSbb4QuZbyy4XQnaGYX3HWJlZFcACLcBGAsYHQ\/s640\/capa%2BP.JPG\" alt=\"\"\/><\/figure>\n\n\n\n<figure class=\"wp-block-image size-large\"><img decoding=\"async\" src=\"https:\/\/1.bp.blogspot.com\/-_I6-bZe-8Nc\/Xmy6KX1GEOI\/AAAAAAAAQpc\/JlO6w2-dYpclHEFsm-Awfr-nEHoZ0ejvgCLcBGAsYHQ\/s640\/Anota%25C3%25A7%25C3%25A3o%2B2020-03-14%2B081946.jpg\" alt=\"\"\/><\/figure>\n\n\n<p>Ol\u00e1, amigos cultos e ocultos! \u00a0Depois do \u00e1lbum \u201cViola, minha viola\u201d, a cargo do violeiro Moreno (Pedro Cioffi, Machado, MG, 27\/11\/1925-Po\u00e7os de Caldas, MG, 14\/12\/1995), o TM apresenta mais um disco dele, agora em dupla com o irm\u00e3o Moreninho (Jo\u00e3o Cioffi, Machado, MG, 29\/9\/1927-Campinas, SP, 23\/4\/2008). \u00c9 \u201cBandeira de Santos Reis\u201d, originalmente lan\u00e7ado pela Copacabana em 1979, e aqui em uma reedi\u00e7\u00e3o de 1991, com o selo Sabi\u00e1. Como voc\u00eas j\u00e1 sabem, Moreno e Moreninho foram os primeiros a divulgar pelo r\u00e1dio a m\u00fasica folcl\u00f3rica brasileira, o que antes s\u00f3 era feito pelos foli\u00f5es, nas Congadas e Folias de Reis. Eles chegaram a se apresentar no Teatro Municipal de S\u00e3o Paulo, em 1954, com um grupo folcl\u00f3rico aut\u00eantico, feito in\u00e9dito na m\u00fasica caipira. E foi com um repert\u00f3rio voltado para o nosso folclore, al\u00e9m da aut\u00eantica moda de viola, que a dupla construiu toda a sua carreira. Esta vem a ser a caracter\u00edstica fundamental deste disco, que apresenta faixas como \u201cBandeira do Divino\u201d, \u201cNatal, Natal\u201d e \u201cEncontro do pres\u00e9pio\u201d.\u00a0 Enfim, mais um \u00f3timo trabalho que o TM oferece a voc\u00eas. N\u00e3o deixem de conferir no GTM.<\/p>\n<div>bandeira do divino<\/div>\n<div>natal natal<\/div>\n<div>ben\u00e7as de nossa senhora<\/div>\n<div>cantiga de reis<\/div>\n<div>o rei j\u00e1 chamou<\/div>\n<div>bandeira de santos reis<\/div>\n<div>dan\u00e7a de s\u00e3o gon\u00e7alo<\/div>\n<div>folia de s\u00e3o sebasti\u00e3o<\/div>\n<div>capelinha de santos reis<\/div>\n<div>tr\u00eas reis do oriente<\/div>\n<div>encontro do pres\u00e9pio<\/div>\n<div>estrela do oriente<\/div>\n<p><br \/><br \/>*Texto de Samuel Machado Filho<\/p>","protected":false},"excerpt":{"rendered":"<p>Ol\u00e1, amigos cultos e ocultos! \u00a0Depois do \u00e1lbum \u201cViola, minha viola\u201d, a cargo do violeiro Moreno (Pedro Cioffi, Machado, MG, 27\/11\/1925-Po\u00e7os de Caldas, MG, 14\/12\/1995), o TM apresenta mais um disco dele, agora em dupla com o irm\u00e3o Moreninho (Jo\u00e3o &hellip; <a href=\"https:\/\/www.toque-musicall.com\/?p=7249\">Continue lendo <span class=\"meta-nav\">&rarr;<\/span><\/a><\/p>\n","protected":false},"author":1,"featured_media":0,"comment_status":"closed","ping_status":"closed","sticky":false,"template":"","format":"standard","meta":{"footnotes":""},"categories":[3449,3541,844],"tags":[3542,3450],"class_list":["post-7249","post","type-post","status-publish","format-standard","hentry","category-moreno-da-viola","category-moreno-e-moreninho-2","category-selo-sabia","tag-moreno-e-moreninho","tag-selo-sabia"],"_links":{"self":[{"href":"https:\/\/www.toque-musicall.com\/index.php?rest_route=\/wp\/v2\/posts\/7249","targetHints":{"allow":["GET"]}}],"collection":[{"href":"https:\/\/www.toque-musicall.com\/index.php?rest_route=\/wp\/v2\/posts"}],"about":[{"href":"https:\/\/www.toque-musicall.com\/index.php?rest_route=\/wp\/v2\/types\/post"}],"author":[{"embeddable":true,"href":"https:\/\/www.toque-musicall.com\/index.php?rest_route=\/wp\/v2\/users\/1"}],"replies":[{"embeddable":true,"href":"https:\/\/www.toque-musicall.com\/index.php?rest_route=%2Fwp%2Fv2%2Fcomments&post=7249"}],"version-history":[{"count":1,"href":"https:\/\/www.toque-musicall.com\/index.php?rest_route=\/wp\/v2\/posts\/7249\/revisions"}],"predecessor-version":[{"id":7250,"href":"https:\/\/www.toque-musicall.com\/index.php?rest_route=\/wp\/v2\/posts\/7249\/revisions\/7250"}],"wp:attachment":[{"href":"https:\/\/www.toque-musicall.com\/index.php?rest_route=%2Fwp%2Fv2%2Fmedia&parent=7249"}],"wp:term":[{"taxonomy":"category","embeddable":true,"href":"https:\/\/www.toque-musicall.com\/index.php?rest_route=%2Fwp%2Fv2%2Fcategories&post=7249"},{"taxonomy":"post_tag","embeddable":true,"href":"https:\/\/www.toque-musicall.com\/index.php?rest_route=%2Fwp%2Fv2%2Ftags&post=7249"}],"curies":[{"name":"wp","href":"https:\/\/api.w.org\/{rel}","templated":true}]}}