{"id":725,"date":"2010-09-07T21:15:00","date_gmt":"2010-09-07T21:15:00","guid":{"rendered":"http:\/\/www.toque-musicall.com\/?p=725"},"modified":"2010-09-07T21:15:00","modified_gmt":"2010-09-07T21:15:00","slug":"rock-brasilia-o-rock-e-o-caminho-1987","status":"publish","type":"post","link":"https:\/\/www.toque-musicall.com\/?p=725","title":{"rendered":"Rock Bras\u00edlia &#8211; O Rock \u00c9 O Caminho! (1987)"},"content":{"rendered":"<p><a href=\"http:\/\/1.bp.blogspot.com\/_DSKVEvHtskc\/TIari0TBIDI\/AAAAAAAAG_A\/O3W-wpzw2S0\/s1600\/rock+brasilia+P.JPG\"><img decoding=\"async\" style=\"TEXT-ALIGN: center; MARGIN: 0px auto 10px; WIDTH: 400px; DISPLAY: block; HEIGHT: 395px; CURSOR: hand\" id=\"BLOGGER_PHOTO_ID_5514283408404062258\" border=\"0\" alt=\"\" src=\"http:\/\/1.bp.blogspot.com\/_DSKVEvHtskc\/TIari0TBIDI\/AAAAAAAAG_A\/O3W-wpzw2S0\/s400\/rock+brasilia+P.JPG\" \/><\/a> Ol\u00e1 amigos cultos e ocultos! Hoje foi dia de Parada, da\u00ed eu parei mesmo, tomei o tempo para descan\u00e7ar. Tirei o sono atrasado, dormi umas quatro horas, nem acredito&#8230; Mas ainda continuo pregui\u00e7oso, como parece estar o Mediafire. N\u00e3o estou conseguindo acess\u00e1-lo. Ser\u00e1 um problema local? Se at\u00e9 o fim desta postagem continuar assim, pedirei aos &#8216;meus famosos colaboradores&#8217; para usarem o Rapidshare.<br \/>Bom, depois de receber &#8216;uma meia d\u00fazia e meia&#8217; de e-mails dos meus amigos cultos protestando quanto ao meu descaso com os anos 80, resolvi &#8216;desovar&#8217; ent\u00e3o algumas coisas apenas a t\u00edtulo de curiosidade e conhecimento. Minha pregui\u00e7a at\u00e9 aumentou, mas vamos l\u00e1&#8230;<br \/>Segue aqui uma colet\u00e2nea de bandas de Bras\u00edlia, quando o &#8216;rock nacional&#8217; resurgia vestido de &#8216;new wave&#8217;. O \u00e1lbum traz v\u00e1rias bandas em um registro ao vivo, gravado no Circo Show em dezembro de 1986. O disco teve a dire\u00e7\u00e3o art\u00edstica de Liminha e foi produzido por Pena Schimidt, atrav\u00e9s do selo WEA, que buscava um novo &#8216;cast&#8217;, apostando na nova onda da m\u00fasica pop mundial. Bras\u00edlia era naquele momento um celeiro ideal, fervilhando de bandas, todas seguindo as mesmas trilhas do Legi\u00e3o Urbana, Capital Inicial e Paralamas do Sucesso (que por acaso n\u00e3o foi formada em Bras\u00edlia). Das dez bandas que participam da colet\u00e2nea, acho que nenhuma vingou, pelo menos o suficiente para um primeiro disco solo. E n\u00e3o \u00e9 de se estranhar&#8230; o caldo ainda estava muito ralo para eles. N\u00e3o era qualquer bandinha que tinha um Cazuza, um Renato Russo, um Herbert Vianna&#8230; no m\u00e1ximo chegavam a um Dinho Ouro Preto. Sinceramente, eu acho que o novo rock brasileiro s\u00f3 engrossou a partir dos anos 90. Os 80 foi &#8216;chacrinha&#8217;&#8230;<\/p>\n<div align=\"center\">a carta &#8211; w-3<\/div>\n<div align=\"center\">m\u00e1scaras &#8211; p\u00e2nico<\/div>\n<div align=\"center\">hist\u00f3ria &#8211; marciano sodomita<\/div>\n<div align=\"center\">e o tempo &#8211; habeas corpus<\/div>\n<div align=\"center\">p\u00e1ssaros negros &#8211; 5 generais<\/div>\n<div align=\"center\">volta pra mim &#8211; beta pictoris<\/div>\n<div align=\"center\">tudo mal &#8211; elite sofisticada<\/div>\n<div align=\"center\">velhas caras &#8211; manto<\/div>\n<div align=\"center\">raz\u00f5es &#8211; os culpados<\/div>\n<div align=\"center\">seja normal &#8211; artigo 153<\/div>\n<div align=\"center\"> <\/div>\n<div align=\"center\"> <\/div>\n","protected":false},"excerpt":{"rendered":"<p>Ol\u00e1 amigos cultos e ocultos! Hoje foi dia de Parada, da\u00ed eu parei mesmo, tomei o tempo para descan\u00e7ar. Tirei o sono atrasado, dormi umas quatro horas, nem acredito&#8230; Mas ainda continuo pregui\u00e7oso, como parece estar o Mediafire. N\u00e3o estou &hellip; <a href=\"https:\/\/www.toque-musicall.com\/?p=725\">Continue lendo <span class=\"meta-nav\">&rarr;<\/span><\/a><\/p>\n","protected":false},"author":1,"featured_media":0,"comment_status":"open","ping_status":"closed","sticky":false,"template":"","format":"standard","meta":{"footnotes":""},"categories":[1040,1036,1039,1034,1038,1041,1043,1042,1035,544,1037],"tags":[],"class_list":["post-725","post","type-post","status-publish","format-standard","hentry","category-5-generais","category-artigo-153","category-beta-pictoris","category-elite-sofisticada","category-habeas-corpus","category-manto","category-marciano-sodomita","category-os-culpados","category-panico","category-selo-warner","category-w-3"],"_links":{"self":[{"href":"https:\/\/www.toque-musicall.com\/index.php?rest_route=\/wp\/v2\/posts\/725","targetHints":{"allow":["GET"]}}],"collection":[{"href":"https:\/\/www.toque-musicall.com\/index.php?rest_route=\/wp\/v2\/posts"}],"about":[{"href":"https:\/\/www.toque-musicall.com\/index.php?rest_route=\/wp\/v2\/types\/post"}],"author":[{"embeddable":true,"href":"https:\/\/www.toque-musicall.com\/index.php?rest_route=\/wp\/v2\/users\/1"}],"replies":[{"embeddable":true,"href":"https:\/\/www.toque-musicall.com\/index.php?rest_route=%2Fwp%2Fv2%2Fcomments&post=725"}],"version-history":[{"count":0,"href":"https:\/\/www.toque-musicall.com\/index.php?rest_route=\/wp\/v2\/posts\/725\/revisions"}],"wp:attachment":[{"href":"https:\/\/www.toque-musicall.com\/index.php?rest_route=%2Fwp%2Fv2%2Fmedia&parent=725"}],"wp:term":[{"taxonomy":"category","embeddable":true,"href":"https:\/\/www.toque-musicall.com\/index.php?rest_route=%2Fwp%2Fv2%2Fcategories&post=725"},{"taxonomy":"post_tag","embeddable":true,"href":"https:\/\/www.toque-musicall.com\/index.php?rest_route=%2Fwp%2Fv2%2Ftags&post=725"}],"curies":[{"name":"wp","href":"https:\/\/api.w.org\/{rel}","templated":true}]}}