{"id":7251,"date":"2020-03-05T21:02:00","date_gmt":"2020-03-06T00:02:00","guid":{"rendered":"http:\/\/www.toque-musicall.com\/?p=7251"},"modified":"2020-03-19T21:14:58","modified_gmt":"2020-03-20T00:14:58","slug":"maria-lucia-godoy-poemas-de-manuel-bandeira-1966","status":"publish","type":"post","link":"https:\/\/www.toque-musicall.com\/?p=7251","title":{"rendered":"Maria L\u00facia Godoy &#8211; Poemas De Manuel Bandeira (1966)"},"content":{"rendered":"\n<figure class=\"wp-block-image size-large\"><img decoding=\"async\" src=\"https:\/\/1.bp.blogspot.com\/-Rl0vOFCIIKo\/XnQEtNWcO2I\/AAAAAAAAQsM\/hg_5g2ap1W4TWhTSX9mP2tFExpz0oDNCQCEwYBhgL\/s640\/Maria%2BLucia%2BGodoy%2B-%2BCanta%2BPoemas%2Bde%2BManuel%2BBandeira.JPG\" alt=\"\"\/><\/figure>\n\n\n\n<figure class=\"wp-block-image size-large\"><img decoding=\"async\" src=\"https:\/\/1.bp.blogspot.com\/-NbRk3hyc-60\/XnQE-a99UzI\/AAAAAAAAQsI\/QIx3kgkexPIb9GQyhOhD2BMZ6rNjMOD8ACLcBGAsYHQ\/s640\/Anota%25C3%25A7%25C3%25A3o%2B2020-03-10%2B233935.jpg\" alt=\"\"\/><\/figure>\n\n\n<p>Ol\u00e1, amigos cultos e ocultos! Hoje temos um toque mais que musical, e tamb\u00e9m liter\u00e1rio. \u00c9 um disco em que Maria L\u00facia Godoy (Mesquita, MG, 2\/9\/1924), uma de nossas maiores cantoras l\u00edricas, acompanhada ao piano por Murilo Santos, interpreta poemas de Manuel Bandeira (Recife, PE, 19\/4\/1886-Rio de Janeiro, 13\/10\/1968), musicados por grandes compositores, tais como Heitor Villa-Lobos, Francisco Mignone e Jayme Ovalle. O \u00e1lbum foi lan\u00e7ado pelo Museu da Imagem e do Som do Rio de Janeiro em 1966, em homenagem aos 80 anos de Manuel Bandeira, possui texto de contracapa escrito por Paulo Mendes Campos, e foi gravado nos est\u00fadios da Musidisc de Nilo S\u00e9rgio, que cedeu o teipe para o MIS. Sem d\u00favida, a melhor homenagem que Manuel Bandeira poderia receber pelo seu octag\u00e9simo anivers\u00e1rio, pois a excel\u00eancia dos poemas e das melodias, aliadas \u00e0 impec\u00e1vel interpreta\u00e7\u00e3o de Maria L\u00facia, recomendam mais esta postagem do TM. Na defini\u00e7\u00e3o de Paulo Mendes Campos, \u201cum disco que pertence \u00e0 m\u00fasica do mundo\u201d, e que vale a pena conferir no GTM, sem falta.<\/p>\n<div>dan\u00e7a do martelo<\/div>\n<div>modinha<\/div>\n<div>o anjo da guarda<\/div>\n<div>azul\u00e3o<\/div>\n<div>modinha<\/div>\n<div>dona janaina<\/div>\n<div>pousa a m\u00e3o na minha testa<\/div>\n<div>o menino dorme<\/div>\n<div>imposs\u00edvel carinho<\/div>\n<div>can\u00e7\u00e3o do mar<\/div>\n<div>madrigal<\/div>\n<div>desafio<\/div>\n<div>\u00a0<\/div>\n<div>\u00a0<\/div>\n<p>*Texto de Samuel Machado Filho\u00a0<\/p>","protected":false},"excerpt":{"rendered":"<p>Ol\u00e1, amigos cultos e ocultos! Hoje temos um toque mais que musical, e tamb\u00e9m liter\u00e1rio. \u00c9 um disco em que Maria L\u00facia Godoy (Mesquita, MG, 2\/9\/1924), uma de nossas maiores cantoras l\u00edricas, acompanhada ao piano por Murilo Santos, interpreta poemas &hellip; <a href=\"https:\/\/www.toque-musicall.com\/?p=7251\">Continue lendo <span class=\"meta-nav\">&rarr;<\/span><\/a><\/p>\n","protected":false},"author":1,"featured_media":0,"comment_status":"closed","ping_status":"closed","sticky":false,"template":"","format":"standard","meta":{"footnotes":""},"categories":[3546,3543,189],"tags":[3547,3058],"class_list":["post-7251","post","type-post","status-publish","format-standard","hentry","category-manuel-bandeira","category-maria-lucia-godoy-2","category-selo-mis","tag-maria-lucia-godoy","tag-selo-mis"],"_links":{"self":[{"href":"https:\/\/www.toque-musicall.com\/index.php?rest_route=\/wp\/v2\/posts\/7251","targetHints":{"allow":["GET"]}}],"collection":[{"href":"https:\/\/www.toque-musicall.com\/index.php?rest_route=\/wp\/v2\/posts"}],"about":[{"href":"https:\/\/www.toque-musicall.com\/index.php?rest_route=\/wp\/v2\/types\/post"}],"author":[{"embeddable":true,"href":"https:\/\/www.toque-musicall.com\/index.php?rest_route=\/wp\/v2\/users\/1"}],"replies":[{"embeddable":true,"href":"https:\/\/www.toque-musicall.com\/index.php?rest_route=%2Fwp%2Fv2%2Fcomments&post=7251"}],"version-history":[{"count":4,"href":"https:\/\/www.toque-musicall.com\/index.php?rest_route=\/wp\/v2\/posts\/7251\/revisions"}],"predecessor-version":[{"id":7255,"href":"https:\/\/www.toque-musicall.com\/index.php?rest_route=\/wp\/v2\/posts\/7251\/revisions\/7255"}],"wp:attachment":[{"href":"https:\/\/www.toque-musicall.com\/index.php?rest_route=%2Fwp%2Fv2%2Fmedia&parent=7251"}],"wp:term":[{"taxonomy":"category","embeddable":true,"href":"https:\/\/www.toque-musicall.com\/index.php?rest_route=%2Fwp%2Fv2%2Fcategories&post=7251"},{"taxonomy":"post_tag","embeddable":true,"href":"https:\/\/www.toque-musicall.com\/index.php?rest_route=%2Fwp%2Fv2%2Ftags&post=7251"}],"curies":[{"name":"wp","href":"https:\/\/api.w.org\/{rel}","templated":true}]}}