{"id":7256,"date":"2020-03-16T11:57:00","date_gmt":"2020-03-16T14:57:00","guid":{"rendered":"http:\/\/www.toque-musicall.com\/?p=7256"},"modified":"2020-03-25T17:10:03","modified_gmt":"2020-03-25T20:10:03","slug":"hermilio-bello-de-carvalho-lira-do-povo-1985","status":"publish","type":"post","link":"https:\/\/www.toque-musicall.com\/?p=7256","title":{"rendered":"Herminio Bello De Carvalho &#8211; Lira Do Povo (1985)"},"content":{"rendered":"\n<figure class=\"wp-block-image size-large\"><img decoding=\"async\" src=\"https:\/\/1.bp.blogspot.com\/-qjKMGUGOoc8\/XnQTM1kiy1I\/AAAAAAAAQsc\/Hk-juqlQ26wOD3ymCFsgEGi_KLF3m6Z8QCLcBGAsYHQ\/s640\/Anota%25C3%25A7%25C3%25A3o%2B2020-03-19%2B215007.jpg\" alt=\"\"\/><\/figure>\n\n\n\n<figure class=\"wp-block-image size-large\"><img decoding=\"async\" src=\"https:\/\/1.bp.blogspot.com\/-18PR1wuzPXo\/XnQTMiKXmAI\/AAAAAAAAQsY\/dAYYpSQlIG0-BWve7Wg2pYeokm9Fn9XzQCLcBGAsYHQ\/s640\/Anota%25C3%25A7%25C3%25A3o%2B2020-03-19%2B215100.jpg\" alt=\"\"\/><\/figure>\n\n\n<p>Ol\u00e1, amiguinhos cultos e ocultos! Hoje e mais uma vez temos aqui a figura de Herm\u00edlio Belo de Carvalho. Postamos, logo no primeiro dia do ano um outro disco dele, de 1974 e agora trazemos ele de volta no lp duplo, lan\u00e7ado meio que de forma independente pela Tycoon Produ\u00e7\u00f5es Art\u00edsticas.<br>Como j\u00e1 disse, Herm\u00ednio \u00e9 tremendo letrista e inigual\u00e1vel produtor, poeta, compositor, escritor&#8230;. Seu nome est\u00e1 presente em boa parte dos melhores trabalhos fonogr\u00e1ficos e musicais realizados nos anos 60, 70, 80 e 90 (isso para n\u00e3o falarmos dos anos dois mil). Herm\u00ednio tem uma longa ficha, um curr\u00edculo invej\u00e1vel e na m\u00fasica, na \u00e1rea de cria\u00e7\u00e3o se destaca pelas in\u00fameras parcerias. Entre os seus parceiros est\u00e3o nomes como Chico Buarque, Pixinguinha, Radam\u00e9s Gnattali, Paulinho da Viola, Francis Hime, Cartola, Baden Powell, Elton Medeiros, Martinho da Vila, Rildo Hora, Sueli Costa e mais um mont\u00e3o de outros compositores da melhor m\u00fasica do mundo, a brasileira. Neste lp duplo temos uma s\u00e9rie de m\u00fasicas nas quais ele foi o letrista.. O \u00e1lbum se divide em dois momentos, o &#8220;Pulsando Hoje&#8221; e o &#8220;Pulsando Ontem&#8221;, ou seja, um disco com velhas parcerias e outro com as novas, sendo que muitas dessas novas s\u00e3o, na verdade, m\u00fasicas tamb\u00e9m antigas as quais ele criou as letras. Interpretando essas can\u00e7\u00f5es temos uma dezena de cantores e at\u00e9 o pr\u00f3prio Herm\u00edlio cantando. Se n\u00e3o estou enganado, creio que este e os primeiros discos dele foram lan\u00e7ados h\u00e1 algum tempo atr\u00e1s na vers\u00e3o cd em um \u00fanico box. Confiram essa p\u00e9rola no GTM.<\/p>\n<div>estrada do sert\u00e3o &#8211; tet\u00ea esp\u00edndola<\/div>\n<div>fundo de quintal &#8211; alaide costa<\/div>\n<div>eu n\u00e3o sou flor que se cheire &#8211; nora ney<\/div>\n<div>noites cariocas &#8211; ademilde fonseca<\/div>\n<div>rama de nuvens &#8211; z\u00e9 renato<\/div>\n<div>pintou e bordou &#8211; nara le\u00e3o<\/div>\n<div>prel\u00fadio da solid\u00e3o, prel\u00fadio n. 3 &#8211; nana caymmi<\/div>\n<div>valsa da solid\u00e3o &#8211; elizeth cardoso<\/div>\n<div>advert\u00eancia &#8211; herm\u00edno, maur\u00edcio carrilho e clementina de jesus<\/div>\n<div>samambaias &#8211; zez\u00e9 gonzaga<\/div>\n<div>patu\u00e1 &#8211; clementina de jesus, herminio, elza soares e marlene<\/div>\n<div>ando cismado &#8211; herminio e ismael silva<\/div>\n<div>clementina de jesus &#8211; clementina de jesus<\/div>\n<div>rosa de ouro &#8211; araci cortes, clementina de jesus e os cinco crioulos<\/div>\n<div>folhas no ar &#8211; elizeth cardoso<\/div>\n<div>sei l\u00e1, mangueira &#8211; odete amaral<\/div>\n<div>alvorada &#8211; clara nunes<\/div>\n<div>isso \u00e9 que \u00e9 viver &#8211; elzeth cardoso<\/div>\n<div>desola\u00e7\u00e3o &#8211; ciro monteiro<\/div>\n<div>senhora rainha &#8211; altemar dutra<\/div>\n<div>mudando de conversa &#8211; doris monteiro e l\u00facio alves<\/div>\n<div>pressentimento &#8211; marilia medalha<\/div>\n<div>salamargo &#8211; simone<\/div>\n<div>cobras e lagartos &#8211; maria bethania<\/div>\n<div>noites cariocas &#8211; gal costa<\/div>\n<div>mas quem disse que eu te esque\u00e7o &#8211; nana caymmi<\/div>\n<div>seria melhor &#8211; dalva de oliveira<\/div>\n<div>&nbsp;<\/div>\n<div>&nbsp;<\/div>\n<div>&nbsp;<\/div>\n<div>.<\/div>","protected":false},"excerpt":{"rendered":"<p>Ol\u00e1, amiguinhos cultos e ocultos! Hoje e mais uma vez temos aqui a figura de Herm\u00edlio Belo de Carvalho. Postamos, logo no primeiro dia do ano um outro disco dele, de 1974 e agora trazemos ele de volta no lp &hellip; <a href=\"https:\/\/www.toque-musicall.com\/?p=7256\">Continue lendo <span class=\"meta-nav\">&rarr;<\/span><\/a><\/p>\n","protected":false},"author":1,"featured_media":0,"comment_status":"closed","ping_status":"closed","sticky":false,"template":"","format":"standard","meta":{"footnotes":""},"categories":[3548,3549],"tags":[3354],"class_list":["post-7256","post","type-post","status-publish","format-standard","hentry","category-herminio-bello-de-carvalho-2","category-selo-tycoon","tag-herminio-bello-de-carvalho"],"_links":{"self":[{"href":"https:\/\/www.toque-musicall.com\/index.php?rest_route=\/wp\/v2\/posts\/7256","targetHints":{"allow":["GET"]}}],"collection":[{"href":"https:\/\/www.toque-musicall.com\/index.php?rest_route=\/wp\/v2\/posts"}],"about":[{"href":"https:\/\/www.toque-musicall.com\/index.php?rest_route=\/wp\/v2\/types\/post"}],"author":[{"embeddable":true,"href":"https:\/\/www.toque-musicall.com\/index.php?rest_route=\/wp\/v2\/users\/1"}],"replies":[{"embeddable":true,"href":"https:\/\/www.toque-musicall.com\/index.php?rest_route=%2Fwp%2Fv2%2Fcomments&post=7256"}],"version-history":[{"count":2,"href":"https:\/\/www.toque-musicall.com\/index.php?rest_route=\/wp\/v2\/posts\/7256\/revisions"}],"predecessor-version":[{"id":7258,"href":"https:\/\/www.toque-musicall.com\/index.php?rest_route=\/wp\/v2\/posts\/7256\/revisions\/7258"}],"wp:attachment":[{"href":"https:\/\/www.toque-musicall.com\/index.php?rest_route=%2Fwp%2Fv2%2Fmedia&parent=7256"}],"wp:term":[{"taxonomy":"category","embeddable":true,"href":"https:\/\/www.toque-musicall.com\/index.php?rest_route=%2Fwp%2Fv2%2Fcategories&post=7256"},{"taxonomy":"post_tag","embeddable":true,"href":"https:\/\/www.toque-musicall.com\/index.php?rest_route=%2Fwp%2Fv2%2Ftags&post=7256"}],"curies":[{"name":"wp","href":"https:\/\/api.w.org\/{rel}","templated":true}]}}