{"id":7259,"date":"2020-03-17T23:16:00","date_gmt":"2020-03-18T02:16:00","guid":{"rendered":"http:\/\/www.toque-musicall.com\/?p=7259"},"modified":"2020-04-21T01:09:38","modified_gmt":"2020-04-21T04:09:38","slug":"trio-irakitan-boleros-e-vozes-que-agradam-milhoes-1964","status":"publish","type":"post","link":"https:\/\/www.toque-musicall.com\/?p=7259","title":{"rendered":"Trio Irakitan &#8211; Boleros E Vozes Que Agradam Milh\u00f5es (1964)"},"content":{"rendered":"\n<figure class=\"wp-block-image size-large\"><img decoding=\"async\" src=\"https:\/\/1.bp.blogspot.com\/--gc0yMLwUiA\/Xp5wzMtURUI\/AAAAAAAAQ5E\/rnOm8nXSA0EFOV7rBnTu26ScJaKEe-P0QCLcBGAsYHQ\/s640\/Anota%25C3%25A7%25C3%25A3o%2B2020-03-25%2B231019.jpg\" alt=\"\"\/><\/figure>\n\n\n\n<figure class=\"wp-block-image size-large\"><img decoding=\"async\" src=\"https:\/\/1.bp.blogspot.com\/-KOYFIyJSJ44\/Xp5wy05uWzI\/AAAAAAAAQ5A\/ih8T-hgnGmkVXR4FBRWzlIzqJxKs60_gQCLcBGAsYHQ\/s640\/Anota%25C3%25A7%25C3%25A3o%2B2020-03-25%2B231122.jpg\" alt=\"\"\/><\/figure>\n\n\n<p>Boa noite, amigos cultos e ocultos! Hoje vamos de bolero e mais uma vez com o lend\u00e1rio Trio Irakitan, grupo vocal muito querido por aqui, tanto que deles j\u00e1 postamos v\u00e1rios outros discos. E desta vez temos para voc\u00eas o lp de 64, &#8220;Boleros e Vozes Que Agradam Milh\u00f5es&#8221;. Um \u00e1lbum onde temos uma sele\u00e7\u00e3o de cl\u00e1ssicos do g\u00eanero em vers\u00f5es para o portugu\u00eas. Confiram este disco no GTM.<\/p>\n<div>ang\u00fastia<\/div>\n<div>eu pago esta noite<\/div>\n<div>tu me acostumaste<\/div>\n<div>estou perdido<\/div>\n<div>o rel\u00f3gio<\/div>\n<div>voc\u00ea<\/div>\n<div>acorrentados<\/div>\n<div>sabe deus<\/div>\n<div>tu meu del\u00edrio<\/div>\n<div>sabor a mim<\/div>\n<div>a barca<\/div>\n<div>can\u00e7\u00e3o de protesto<\/div>\n<p><br \/><br \/>.<\/p>","protected":false},"excerpt":{"rendered":"<p>Boa noite, amigos cultos e ocultos! Hoje vamos de bolero e mais uma vez com o lend\u00e1rio Trio Irakitan, grupo vocal muito querido por aqui, tanto que deles j\u00e1 postamos v\u00e1rios outros discos. E desta vez temos para voc\u00eas o &hellip; <a href=\"https:\/\/www.toque-musicall.com\/?p=7259\">Continue lendo <span class=\"meta-nav\">&rarr;<\/span><\/a><\/p>\n","protected":false},"author":1,"featured_media":0,"comment_status":"closed","ping_status":"closed","sticky":false,"template":"","format":"standard","meta":{"footnotes":""},"categories":[86,333],"tags":[3153,3550],"class_list":["post-7259","post","type-post","status-publish","format-standard","hentry","category-selo-odeon","category-trio-irakitan","tag-selo-odeon","tag-trio-irakitan"],"_links":{"self":[{"href":"https:\/\/www.toque-musicall.com\/index.php?rest_route=\/wp\/v2\/posts\/7259","targetHints":{"allow":["GET"]}}],"collection":[{"href":"https:\/\/www.toque-musicall.com\/index.php?rest_route=\/wp\/v2\/posts"}],"about":[{"href":"https:\/\/www.toque-musicall.com\/index.php?rest_route=\/wp\/v2\/types\/post"}],"author":[{"embeddable":true,"href":"https:\/\/www.toque-musicall.com\/index.php?rest_route=\/wp\/v2\/users\/1"}],"replies":[{"embeddable":true,"href":"https:\/\/www.toque-musicall.com\/index.php?rest_route=%2Fwp%2Fv2%2Fcomments&post=7259"}],"version-history":[{"count":3,"href":"https:\/\/www.toque-musicall.com\/index.php?rest_route=\/wp\/v2\/posts\/7259\/revisions"}],"predecessor-version":[{"id":7359,"href":"https:\/\/www.toque-musicall.com\/index.php?rest_route=\/wp\/v2\/posts\/7259\/revisions\/7359"}],"wp:attachment":[{"href":"https:\/\/www.toque-musicall.com\/index.php?rest_route=%2Fwp%2Fv2%2Fmedia&parent=7259"}],"wp:term":[{"taxonomy":"category","embeddable":true,"href":"https:\/\/www.toque-musicall.com\/index.php?rest_route=%2Fwp%2Fv2%2Fcategories&post=7259"},{"taxonomy":"post_tag","embeddable":true,"href":"https:\/\/www.toque-musicall.com\/index.php?rest_route=%2Fwp%2Fv2%2Ftags&post=7259"}],"curies":[{"name":"wp","href":"https:\/\/api.w.org\/{rel}","templated":true}]}}