{"id":726,"date":"2010-09-07T00:09:00","date_gmt":"2010-09-07T00:09:00","guid":{"rendered":"http:\/\/www.toque-musicall.com\/?p=726"},"modified":"2010-09-07T00:09:00","modified_gmt":"2010-09-07T00:09:00","slug":"obina-shock-1986","status":"publish","type":"post","link":"https:\/\/www.toque-musicall.com\/?p=726","title":{"rendered":"Obina Shock (1986)"},"content":{"rendered":"<p><a href=\"http:\/\/3.bp.blogspot.com\/_DSKVEvHtskc\/TIWDcBSvQAI\/AAAAAAAAG-0\/OW6ou7urp7M\/s1600\/obina+P.JPG\"><img decoding=\"async\" style=\"TEXT-ALIGN: center; MARGIN: 0px auto 10px; WIDTH: 400px; DISPLAY: block; HEIGHT: 399px; CURSOR: hand\" id=\"BLOGGER_PHOTO_ID_5513957836191645698\" border=\"0\" alt=\"\" src=\"http:\/\/3.bp.blogspot.com\/_DSKVEvHtskc\/TIWDcBSvQAI\/AAAAAAAAG-0\/OW6ou7urp7M\/s400\/obina+P.JPG\" \/><\/a>\u00cata diazinho atarefado! Nem parece segunda feira e nem v\u00e9spera de feriado. Ufa! Finalmente estou aqui, me dedicando aos meus 15 minutos de folga (ou de fama?). No corre corre, escolhi para hoje um disquinho gostoso de ouvir. Vamos pegar de leve, por enquanto&#8230; a semana est\u00e1 apenas come\u00e7ando. E para n\u00e3o ficarem chateados quanto \u00e0s minhas incurs\u00f5es no pop\/rock nacional, vou dar uma chance aos anos 80 e incluir algumas coisas tamb\u00e9m.<br \/>Seguimos com o Obina Shock, um grupo formado em Bras\u00edlia em 1985, basicamente formado pelos estrangeiros, Jean Pierre Senghor, Roger Kedy e Winston Lackin, filhos de funcion\u00e1rios de embaixadas sediadas na Capital Federal. Faziam parte do grupo tamb\u00e9m m\u00fasicos brasileiros. A m\u00fasica do Obina Shock mistura ritmos africanos e caribenhos, mas sempre pautada num estilo pop. O grupo gravou apenas dois discos. Neste primeiro (que \u00e9 o melhor, sem d\u00favida) temos a participa\u00e7\u00e3o entusiasmada de Gilberto Gil e tamb\u00e9m de Gal Costa. As faixas &#8220;Vida&#8221; e &#8220;Reggae Obina&#8221; fizeram um relativo sucesso nas r\u00e1dios. Confiram a\u00ed&#8230;<\/p>\n<div align=\"center\">vida<\/div>\n<div align=\"center\">lambar\u00e9ne<\/div>\n<div align=\"center\">africaner brother bound<\/div>\n<div align=\"center\">brazilian style<\/div>\n<div align=\"center\">reggae obina<\/div>\n<div align=\"center\">sika<\/div>\n<div align=\"center\">adjeni<\/div>\n<div align=\"center\"> <\/div>\n<div align=\"center\"> <\/div>\n","protected":false},"excerpt":{"rendered":"<p>\u00cata diazinho atarefado! Nem parece segunda feira e nem v\u00e9spera de feriado. Ufa! Finalmente estou aqui, me dedicando aos meus 15 minutos de folga (ou de fama?). No corre corre, escolhi para hoje um disquinho gostoso de ouvir. Vamos pegar &hellip; <a href=\"https:\/\/www.toque-musicall.com\/?p=726\">Continue lendo <span class=\"meta-nav\">&rarr;<\/span><\/a><\/p>\n","protected":false},"author":1,"featured_media":0,"comment_status":"open","ping_status":"closed","sticky":false,"template":"","format":"standard","meta":{"footnotes":""},"categories":[291,45,1044],"tags":[],"class_list":["post-726","post","type-post","status-publish","format-standard","hentry","category-gal-costa","category-gilberto-gil","category-obina-shock"],"_links":{"self":[{"href":"https:\/\/www.toque-musicall.com\/index.php?rest_route=\/wp\/v2\/posts\/726","targetHints":{"allow":["GET"]}}],"collection":[{"href":"https:\/\/www.toque-musicall.com\/index.php?rest_route=\/wp\/v2\/posts"}],"about":[{"href":"https:\/\/www.toque-musicall.com\/index.php?rest_route=\/wp\/v2\/types\/post"}],"author":[{"embeddable":true,"href":"https:\/\/www.toque-musicall.com\/index.php?rest_route=\/wp\/v2\/users\/1"}],"replies":[{"embeddable":true,"href":"https:\/\/www.toque-musicall.com\/index.php?rest_route=%2Fwp%2Fv2%2Fcomments&post=726"}],"version-history":[{"count":0,"href":"https:\/\/www.toque-musicall.com\/index.php?rest_route=\/wp\/v2\/posts\/726\/revisions"}],"wp:attachment":[{"href":"https:\/\/www.toque-musicall.com\/index.php?rest_route=%2Fwp%2Fv2%2Fmedia&parent=726"}],"wp:term":[{"taxonomy":"category","embeddable":true,"href":"https:\/\/www.toque-musicall.com\/index.php?rest_route=%2Fwp%2Fv2%2Fcategories&post=726"},{"taxonomy":"post_tag","embeddable":true,"href":"https:\/\/www.toque-musicall.com\/index.php?rest_route=%2Fwp%2Fv2%2Ftags&post=726"}],"curies":[{"name":"wp","href":"https:\/\/api.w.org\/{rel}","templated":true}]}}