{"id":7263,"date":"2020-03-18T16:01:00","date_gmt":"2020-03-18T19:01:00","guid":{"rendered":"http:\/\/www.toque-musicall.com\/?p=7263"},"modified":"2020-03-26T16:03:39","modified_gmt":"2020-03-26T19:03:39","slug":"tamba-trio-magnitudes-1975","status":"publish","type":"post","link":"https:\/\/www.toque-musicall.com\/?p=7263","title":{"rendered":"Tamba Trio &#8211; Magnitudes (1975)"},"content":{"rendered":"\n<figure class=\"wp-block-image size-large\"><img decoding=\"async\" src=\"https:\/\/1.bp.blogspot.com\/-gme1-E89eOo\/Xnz0-cwNgeI\/AAAAAAAAQtE\/WKtAiZnM4gsucGJ42sYuNuKyzThxqZ67ACLcBGAsYHQ\/s640\/Anota%25C3%25A7%25C3%25A3o%2B2020-03-26%2B153615.jpg\" alt=\"\"\/><\/figure>\n\n\n\n<figure class=\"wp-block-image size-large\"><img decoding=\"async\" src=\"https:\/\/1.bp.blogspot.com\/-huZ7hoyHphI\/Xnz0-mPk8aI\/AAAAAAAAQtI\/uC2lZcCVq_kh8NTrUTIv8NVnuwnAhMPaQCLcBGAsYHQ\/s640\/Anota%25C3%25A7%25C3%25A3o%2B2020-03-26%2B153818.jpg\" alt=\"\"\/><\/figure>\n\n\n<p>Boa tarde, amigos cultos e ocultos! Hoje e mais uma vez eu tenho a satisfa\u00e7\u00e3o de trazer at\u00e9 voc\u00eas o genial Tamba Trio, formado por Luiz E\u00e7a, Helcio Milito e Bebeto Castillo, um dos mais importantes grupos instrumental\/vocal brasileiro. E aqui temos eles num disco feito exclusivamente para o p\u00fablico argentino. Lan\u00e7ado em 1975 pela RCA, produzido em parceria com a antiga companhia a\u00e9rea Varig. O lp foi lan\u00e7ado na Argentina, quando o Trio se apresentou por l\u00e1. Re\u00fane doze m\u00fasicas famosas de seu repert\u00f3rio. Os t\u00edtulos est\u00e3o todos em espanhol como conv\u00e9m a todo disco estrangeiro que s\u00e3o editados por l\u00e1. Confiram mais essa produ\u00e7\u00e3o no nosso GTM. Vale a pena..<\/p>\n<div>las tres de la manana<\/div>\n<div>jugo de fruta<\/div>\n<div>bola bolita<\/div>\n<div>a orillas del mar<\/div>\n<div>maestro bimba<\/div>\n<div>chorino n.1<\/div>\n<div>juego de la vida<\/div>\n<div>sanguijuela<\/div>\n<div>ventanas<\/div>\n<div>contra el viento<\/div>\n<div>no tiene perdon<\/div>\n<div>llamada<\/div>\n<p><br \/><br \/>.<\/p>","protected":false},"excerpt":{"rendered":"<p>Boa tarde, amigos cultos e ocultos! Hoje e mais uma vez eu tenho a satisfa\u00e7\u00e3o de trazer at\u00e9 voc\u00eas o genial Tamba Trio, formado por Luiz E\u00e7a, Helcio Milito e Bebeto Castillo, um dos mais importantes grupos instrumental\/vocal brasileiro. E &hellip; <a href=\"https:\/\/www.toque-musicall.com\/?p=7263\">Continue lendo <span class=\"meta-nav\">&rarr;<\/span><\/a><\/p>\n","protected":false},"author":1,"featured_media":0,"comment_status":"closed","ping_status":"closed","sticky":false,"template":"","format":"standard","meta":{"footnotes":""},"categories":[615,294],"tags":[3218,3461],"class_list":["post-7263","post","type-post","status-publish","format-standard","hentry","category-selo-rca-vik","category-tamba-trio","tag-selo-rca-vik","tag-tamba-trio"],"_links":{"self":[{"href":"https:\/\/www.toque-musicall.com\/index.php?rest_route=\/wp\/v2\/posts\/7263","targetHints":{"allow":["GET"]}}],"collection":[{"href":"https:\/\/www.toque-musicall.com\/index.php?rest_route=\/wp\/v2\/posts"}],"about":[{"href":"https:\/\/www.toque-musicall.com\/index.php?rest_route=\/wp\/v2\/types\/post"}],"author":[{"embeddable":true,"href":"https:\/\/www.toque-musicall.com\/index.php?rest_route=\/wp\/v2\/users\/1"}],"replies":[{"embeddable":true,"href":"https:\/\/www.toque-musicall.com\/index.php?rest_route=%2Fwp%2Fv2%2Fcomments&post=7263"}],"version-history":[{"count":1,"href":"https:\/\/www.toque-musicall.com\/index.php?rest_route=\/wp\/v2\/posts\/7263\/revisions"}],"predecessor-version":[{"id":7264,"href":"https:\/\/www.toque-musicall.com\/index.php?rest_route=\/wp\/v2\/posts\/7263\/revisions\/7264"}],"wp:attachment":[{"href":"https:\/\/www.toque-musicall.com\/index.php?rest_route=%2Fwp%2Fv2%2Fmedia&parent=7263"}],"wp:term":[{"taxonomy":"category","embeddable":true,"href":"https:\/\/www.toque-musicall.com\/index.php?rest_route=%2Fwp%2Fv2%2Fcategories&post=7263"},{"taxonomy":"post_tag","embeddable":true,"href":"https:\/\/www.toque-musicall.com\/index.php?rest_route=%2Fwp%2Fv2%2Ftags&post=7263"}],"curies":[{"name":"wp","href":"https:\/\/api.w.org\/{rel}","templated":true}]}}