{"id":7265,"date":"2020-03-20T16:47:00","date_gmt":"2020-03-20T19:47:00","guid":{"rendered":"http:\/\/www.toque-musicall.com\/?p=7265"},"modified":"2020-03-26T16:50:45","modified_gmt":"2020-03-26T19:50:45","slug":"rago-jamais-te-esquecerei-1957","status":"publish","type":"post","link":"https:\/\/www.toque-musicall.com\/?p=7265","title":{"rendered":"Rago &#8211; Jamais Te Esquecerei (1957)"},"content":{"rendered":"\n<figure class=\"wp-block-image size-large\"><img decoding=\"async\" src=\"https:\/\/1.bp.blogspot.com\/-3_EL0BO7TJw\/Xn0FJUZxQzI\/AAAAAAAAQt0\/mX-NAj4TMUEDVXfmIoivSpNG9MGAAAzrgCLcBGAsYHQ\/s640\/Anota%25C3%25A7%25C3%25A3o%2B2020-03-26%2B165538.jpg\" alt=\"\"\/><\/figure>\n\n\n\n<figure class=\"wp-block-image size-large\"><img decoding=\"async\" src=\"https:\/\/1.bp.blogspot.com\/-qaZpZWUX8T0\/Xn0FJ0m2VGI\/AAAAAAAAQt4\/X90mMm0PtEsciOGFnZJJX_-Zc6BgVXlzQCLcBGAsYHQ\/s640\/Anota%25C3%25A7%25C3%25A3o%2B2020-03-26%2B165621.jpg\" alt=\"\"\/><\/figure>\n\n\n<p>Ol\u00e1, amigos cultos e ocultos! Hoje trazemos o primeiro LP, em dez polegadas, de um dos maiores violonistas que o Brasil j\u00e1 teve: Ant\u00f4nio Rago. Ele nasceu em S\u00e3o Paulo, no dia 2 de julho de 1916, filho de imigrantes italianos. Desde crian\u00e7a interessou-se por m\u00fasica. Come\u00e7ou a tocar viol\u00e3o aos 14 anos e, em 1933, iniciou seus estudos de viol\u00e3o cl\u00e1ssico com o professor Melo. Em 1936, come\u00e7ou sua carreira art\u00edstica fazendo parte do regional de Armandinho, com o qual, e mais Zezinho, mais tarde conhecido como Z\u00e9 Carioca, formou o trio de viol\u00f5es. Atuou com sucesso na R\u00e1dio Record e tamb\u00e9m na R\u00e1dio Belgrano de Buenos Aires, acompanhando o cantor Arnaldo Pescuma em excurs\u00e3o que se estendeu at\u00e9 o Uruguai. Em 1937, retornou ao Brasil e foi trabalhar na rec\u00e9m-inaugurada PRG-2, R\u00e1dio Tupi de S\u00e3o Paulo, com Zezinho e seu conjunto. Ao longo dos anos, acompanhou artistas como S\u00edlvio Caldas, Francisco Alves e Aracy de Almeida. Gravou seu primeiro disco em 1943, \u00e9poca em que passou a dirigir o regional da Tupi, interpretando ao viol\u00e3o duas composi\u00e7\u00f5es de sua autoria, o choro \u201cChorando\u201d e a valsa \u201cVelhos tempos\u201d. Em 1947, passou a ter o pr\u00f3prio regional, que, em 1950, recebeu o Trof\u00e9u Roquette Pinto como melhor daquele ano. Em 1952, ingressou na R\u00e1dio Nacional de S\u00e3o Paulo, hoje Globo. Em meados dos anos 1960, quando seu regional perdeu for\u00e7a, passou a produzir programas de r\u00e1dio em diversas cidades paulistas, entre as quais Santos e Campinas. Como compositor, teve mais de 400 m\u00fasicas gravadas, e foi ainda um dos respons\u00e1veis pela introdu\u00e7\u00e3o do viol\u00e3o el\u00e9trico no Brasil. Ant\u00f4nio Rago faleceu em 24 de janeiro de 2008, em sua S\u00e3o Paulo natal, aos 91 anos de idade. Neste LP, lan\u00e7ado pela Continental em 1957, est\u00e3o oito de suas composi\u00e7\u00f5es mais expressivas, entre elas a faixa-t\u00edtulo, \u201cJamais te esquecerei\u201d, um bolero lan\u00e7ado originalmente em 1947 e que permaneceu por cerca de um ano nas paradas de sucesso, tornando-se fen\u00f4meno de popularidade. Tem ainda \u201cO Bar\u00e3o na dan\u00e7a\u201d, \u201cFolinha\u201d, \u201cMambo na Gl\u00f3ria\u201d, \u201cFesta portuguesa\u201d, \u201cEncantamento\u201d, \u201cMentiroso\u201d e \u201cEm tuas m\u00e3os\u201d, em uma sele\u00e7\u00e3o que vale a pena ouvir. Portanto, este \u00e9 mais um trabalho que merece o nosso Toque Musical. N\u00e3o deixem de conferir no GTM.<\/p>\n<div>jamais te esquecerei<\/div>\n<div>folinha<\/div>\n<div>mentiroso<\/div>\n<div>mambo da gl\u00f3ria<\/div>\n<div>em tuas m\u00e3os<\/div>\n<div>o bar\u00e3o da dan\u00e7a<\/div>\n<div>festa portuguesa<\/div>\n<div>encantamento<\/div>\n<p><br \/><br \/><br \/>*Texto de Samuel Machado Filho\u00a0<\/p>","protected":false},"excerpt":{"rendered":"<p>Ol\u00e1, amigos cultos e ocultos! Hoje trazemos o primeiro LP, em dez polegadas, de um dos maiores violonistas que o Brasil j\u00e1 teve: Ant\u00f4nio Rago. Ele nasceu em S\u00e3o Paulo, no dia 2 de julho de 1916, filho de imigrantes &hellip; <a href=\"https:\/\/www.toque-musicall.com\/?p=7265\">Continue lendo <span class=\"meta-nav\">&rarr;<\/span><\/a><\/p>\n","protected":false},"author":1,"featured_media":0,"comment_status":"closed","ping_status":"closed","sticky":false,"template":"","format":"standard","meta":{"footnotes":""},"categories":[1297,40],"tags":[3552,3327],"class_list":["post-7265","post","type-post","status-publish","format-standard","hentry","category-rago","category-selo-continental","tag-rago","tag-selo-continental"],"_links":{"self":[{"href":"https:\/\/www.toque-musicall.com\/index.php?rest_route=\/wp\/v2\/posts\/7265","targetHints":{"allow":["GET"]}}],"collection":[{"href":"https:\/\/www.toque-musicall.com\/index.php?rest_route=\/wp\/v2\/posts"}],"about":[{"href":"https:\/\/www.toque-musicall.com\/index.php?rest_route=\/wp\/v2\/types\/post"}],"author":[{"embeddable":true,"href":"https:\/\/www.toque-musicall.com\/index.php?rest_route=\/wp\/v2\/users\/1"}],"replies":[{"embeddable":true,"href":"https:\/\/www.toque-musicall.com\/index.php?rest_route=%2Fwp%2Fv2%2Fcomments&post=7265"}],"version-history":[{"count":1,"href":"https:\/\/www.toque-musicall.com\/index.php?rest_route=\/wp\/v2\/posts\/7265\/revisions"}],"predecessor-version":[{"id":7266,"href":"https:\/\/www.toque-musicall.com\/index.php?rest_route=\/wp\/v2\/posts\/7265\/revisions\/7266"}],"wp:attachment":[{"href":"https:\/\/www.toque-musicall.com\/index.php?rest_route=%2Fwp%2Fv2%2Fmedia&parent=7265"}],"wp:term":[{"taxonomy":"category","embeddable":true,"href":"https:\/\/www.toque-musicall.com\/index.php?rest_route=%2Fwp%2Fv2%2Fcategories&post=7265"},{"taxonomy":"post_tag","embeddable":true,"href":"https:\/\/www.toque-musicall.com\/index.php?rest_route=%2Fwp%2Fv2%2Ftags&post=7265"}],"curies":[{"name":"wp","href":"https:\/\/api.w.org\/{rel}","templated":true}]}}