{"id":7267,"date":"2020-03-21T17:09:00","date_gmt":"2020-03-21T20:09:00","guid":{"rendered":"http:\/\/www.toque-musicall.com\/?p=7267"},"modified":"2021-08-04T11:47:11","modified_gmt":"2021-08-04T14:47:11","slug":"o-samba-no-carnaval-1-selecao-78-rpm-do-toque-musical-vol-155-2020","status":"publish","type":"post","link":"https:\/\/www.toque-musicall.com\/?p=7267","title":{"rendered":"O Samba No Carnaval 1 &#8211; Sele\u00e7\u00e3o 78 RPM Do Toque Musical Vol. 155 (2020)"},"content":{"rendered":"\n<figure class=\"wp-block-image size-large\"><img decoding=\"async\" src=\"https:\/\/1.bp.blogspot.com\/-wW3DtWt21NE\/Xn0KCTIC4QI\/AAAAAAAAQuM\/qTnIBn8EZk8ABUeaC8nOY31wTiegHiAlACLcBGAsYHQ\/s640\/Anota%25C3%25A7%25C3%25A3o%2B2020-03-26%2B171632.jpg\" alt=\"\"\/><\/figure>\n\n\n\n<figure class=\"wp-block-image size-large\"><img decoding=\"async\" src=\"https:\/\/1.bp.blogspot.com\/-xyVdaLI0Amk\/Xn0KCCstykI\/AAAAAAAAQuI\/A7wLcxk3vO0EVw4XLRB08yqeD_4qymsWgCLcBGAsYHQ\/s640\/Anota%25C3%25A7%25C3%25A3o%2B2020-03-26%2B171723.jpg\" alt=\"\"\/><\/figure>\n\n\n<p>E o carnaval continua no Grand Record Brazil, em sua edi\u00e7\u00e3o n\u00famero 155. Nesta e na pr\u00f3xima edi\u00e7\u00e3o, apresentaremos sambas que fizeram sucesso na folia de Momo. Abrindo este volume, Linda Batista interpreta \u201cMe deixe em paz\u201d, de Monsueto e Ayrton Amorim, ali\u00e1s o primeiro sucesso de Monsueto como compositor e um dos campe\u00f5es do carnaval de 1952. Grava\u00e7\u00e3o RCA Victor de 6 de agosto de 51, uma segunda feira, lan\u00e7ada ainda em outubro sob n\u00famero de disco 80-0825-A, matriz S-093017. Em seguida, Francisco Alves canta \u201cIzaura\u201d, de Herivelto Martins e Roberto Roberti, sucesso do carnaval de 1945. Grava\u00e7\u00e3o Odeon de 13 de novembro de 44, outra segunda-feira, lan\u00e7ada um m\u00eas antes da folia, em janeiro, com o n\u00famero 12530-A, matriz 7700. O Rei da Voz tamb\u00e9m interpretou a composi\u00e7\u00e3o no filme \u201cPif-paf\u201d, da Cin\u00e9dia. Na faixa 3, Gilberto Alves canta \u201cChorar pra qu\u00ea?\u201d, de Pereira Matos e Oldemar Magalh\u00e3es, do carnaval de 1948. Grava\u00e7\u00e3o RCA Victor de 13 de setembro de 47, um s\u00e1bado, lan\u00e7ada ainda em novembro com o n\u00famero 80-0549-B, matriz S-078781. Em seguida, duas faixas com Carlos Galhardo, \u201co cantor que dispensa adjetivos\u201d. A primeira \u00e9 \u201cVoc\u00ea n\u00e3o \u00e9&#8230;\u201d, de Benedito Lacerda e Darcy de Oliveira, do carnaval de 1937. Grava\u00e7\u00e3o Odeon de 31 de outubro de 36, outro s\u00e1bado, lan\u00e7ada ainda em dezembro com o n\u00famero 11421-B, matriz 5432. A outra \u00e9 \u201cCom\u00edcio em Mangueira\u201d, de Wilson Batista e Germano Augusto, do chamado \u201ccarnaval da vit\u00f3ria\u201d, o de 1946, assim chamado por ter sido o primeiro ap\u00f3s o fim da Segunda Guerra Mundial. Grava\u00e7\u00e3o Victor de 18 de outubro de 45, uma quinta-feira, lan\u00e7ada ainda em dezembro sob n\u00famero 80-0360-B, matriz S-078321. Na faixa 6, volta Francisco Alves, desta vez cantando \u201cUma apresenta\u00e7\u00e3o\u201d, da dupla Paquito-Romeu Gentil, sucesso do carnaval de 1949. Grava\u00e7\u00e3o Odeon de 29 de novembro de 48, uma segunda-feira, lan\u00e7ada um m\u00eas antes da folia, em janeiro, sob n\u00famero 12908-A, matriz 8458. Na faixa 7, Orlando Silva, \u201co cantor das multid\u00f5es\u201d, interpreta \u201cOrgia\u201d (o t\u00edtulo \u00e9 uma g\u00edria ent\u00e3o corrente para designar baile ou samba), de Waldemar Costa e Valdomiro Braga, do carnaval de 1936, acompanhado pela orquestra Diabos do C\u00e9u, de Pixinguinha. Grava\u00e7\u00e3o Victor de 18 de dezembro de 35, uma quarta-feira, lan\u00e7ada um m\u00eas antes da folia, em janeiro, sob n\u00famero 34006-A, matriz 80056. Em seguida, J. B. de Carvalho \u201co batuqueiro famoso\u201d, canta \u201cPartiu&#8230; para onde n\u00e3o sei\u201d, de Henrique Mesquita e Felisberto Martins, do carnaval de 1941. Grava\u00e7\u00e3o Odeon de 17 de outubro de 40, uma quinta-feira, lan\u00e7ada um m\u00eas antes da folia, em janeiro, sob n\u00famero 11946-B, matriz 6481. Na faixa 9, Risadinha interpreta \u201cMeu primeiro amor\u201d, de J. Piedade, Sebasti\u00e3o Gomes e Oswaldo Silva, do carnaval de 1951. Grava\u00e7\u00e3o Odeon de 5 de outubro de 50, uma quinta-feira, lan\u00e7ada ainda em dezembro sob n\u00famero 13068-B, matriz 8809. Na faixa 10, Dircinha Batista canta \u201cEntrego a Deus\u201d, do carnaval de 1949, de autoria da dupla Haroldo Lobo-M\u00edlton de Oliveira, por sinal respons\u00e1vel por muitos \u00eaxitos na folia de Momo. Grava\u00e7\u00e3o Odeon, feita em pleno dia de Finados de 48 (<b>2<\/b> de novembro, uma ter\u00e7a-feira), e lan\u00e7ada um m\u00eas antes da folia, em janeiro, sob n\u00famero 12911-B, matriz 8462. Para finalizar, Francisco Alves interpreta outro sucesso do carnaval de 1949: \u201cMaior \u00e9 Deus\u201d, de Felisberto &amp; Fernando Martins. Grava\u00e7\u00e3o Odeon, feita na mesma sess\u00e3o de \u201cUma apresenta\u00e7\u00e3o\u201d e lan\u00e7ada no lado B do mesmo disco, matriz 8459. E, no pr\u00f3ximo volume, apresentaremos mais sambas de sucesso nos carnavais.<\/p>\n<div>me deixe em paz &#8211; linda batista<\/div>\n<div>izaura &#8211; francisco alves<\/div>\n<div>chorar pra que &#8211; gilberto alves<\/div>\n<div>voc\u00ea n\u00e3o \u00e9 &#8211; carlos galhardo<\/div>\n<div>com\u00edcio em mangueira &#8211; carlos galhardo<\/div>\n<div>uma apresenta\u00e7\u00e3o &#8211; francisco alves<\/div>\n<div>orgia &#8211; orlando silva<\/div>\n<div>partiu para onde n\u00e3o sei &#8211; jb de carvalho<\/div>\n<div>meu primeiro amor &#8211; risadinha<\/div>\n<div>entrego a deus &#8211; dircinha batista<\/div>\n<div>maior \u00e9 deus &#8211; francisco alves<\/div>\n<div>\n<p>*Texto de Samuel Machado Filho&nbsp;<\/p><\/div>","protected":false},"excerpt":{"rendered":"<p>E o carnaval continua no Grand Record Brazil, em sua edi\u00e7\u00e3o n\u00famero 155. Nesta e na pr\u00f3xima edi\u00e7\u00e3o, apresentaremos sambas que fizeram sucesso na folia de Momo. Abrindo este volume, Linda Batista interpreta \u201cMe deixe em paz\u201d, de Monsueto e &hellip; <a href=\"https:\/\/www.toque-musicall.com\/?p=7267\">Continue lendo <span class=\"meta-nav\">&rarr;<\/span><\/a><\/p>\n","protected":false},"author":1,"featured_media":0,"comment_status":"closed","ping_status":"closed","sticky":false,"template":"","format":"standard","meta":{"footnotes":""},"categories":[1],"tags":[3458,3429,3482,3553,3554,3439],"class_list":["post-7267","post","type-post","status-publish","format-standard","hentry","category-sem-categoria","tag-carnaval","tag-exclusivos-do-toque-musical","tag-francisco-alves","tag-linda-batista","tag-risadinha","tag-selo-grand-record-brazil"],"_links":{"self":[{"href":"https:\/\/www.toque-musicall.com\/index.php?rest_route=\/wp\/v2\/posts\/7267","targetHints":{"allow":["GET"]}}],"collection":[{"href":"https:\/\/www.toque-musicall.com\/index.php?rest_route=\/wp\/v2\/posts"}],"about":[{"href":"https:\/\/www.toque-musicall.com\/index.php?rest_route=\/wp\/v2\/types\/post"}],"author":[{"embeddable":true,"href":"https:\/\/www.toque-musicall.com\/index.php?rest_route=\/wp\/v2\/users\/1"}],"replies":[{"embeddable":true,"href":"https:\/\/www.toque-musicall.com\/index.php?rest_route=%2Fwp%2Fv2%2Fcomments&post=7267"}],"version-history":[{"count":3,"href":"https:\/\/www.toque-musicall.com\/index.php?rest_route=\/wp\/v2\/posts\/7267\/revisions"}],"predecessor-version":[{"id":8680,"href":"https:\/\/www.toque-musicall.com\/index.php?rest_route=\/wp\/v2\/posts\/7267\/revisions\/8680"}],"wp:attachment":[{"href":"https:\/\/www.toque-musicall.com\/index.php?rest_route=%2Fwp%2Fv2%2Fmedia&parent=7267"}],"wp:term":[{"taxonomy":"category","embeddable":true,"href":"https:\/\/www.toque-musicall.com\/index.php?rest_route=%2Fwp%2Fv2%2Fcategories&post=7267"},{"taxonomy":"post_tag","embeddable":true,"href":"https:\/\/www.toque-musicall.com\/index.php?rest_route=%2Fwp%2Fv2%2Ftags&post=7267"}],"curies":[{"name":"wp","href":"https:\/\/api.w.org\/{rel}","templated":true}]}}