{"id":7274,"date":"2020-03-23T01:34:00","date_gmt":"2020-03-23T04:34:00","guid":{"rendered":"http:\/\/www.toque-musicall.com\/?p=7274"},"modified":"2020-03-28T01:36:31","modified_gmt":"2020-03-28T04:36:31","slug":"zila-fonseca-sambas-da-saudade-vol-2-1958","status":"publish","type":"post","link":"https:\/\/www.toque-musicall.com\/?p=7274","title":{"rendered":"Zila Fonseca &#8211; Sambas Da Saudade Vol 2 (1958)"},"content":{"rendered":"\n<figure class=\"wp-block-image size-large\"><img decoding=\"async\" src=\"https:\/\/1.bp.blogspot.com\/-oY7U4F-8hDw\/Xn5uwKuer_I\/AAAAAAAAQuw\/5eIumRfbFdQgkh-aiSQfdfMxdIbQ2d_9wCLcBGAsYHQ\/s640\/Anota%25C3%25A7%25C3%25A3o%2B2020-03-27%2B183913.jpg\" alt=\"\"\/><\/figure>\n\n\n\n<figure class=\"wp-block-image size-large\"><img decoding=\"async\" src=\"https:\/\/1.bp.blogspot.com\/-ywrzelNZwt4\/Xn5uv0W3OxI\/AAAAAAAAQus\/xbV4qkxoltsVoQvtLDkbCY4jOpa-YIhQgCLcBGAsYHQ\/s640\/Anota%25C3%25A7%25C3%25A3o%2B2020-03-27%2B183804.jpg\" alt=\"\"\/><\/figure>\n\n\n<p>Iolanda Ribeiro Angarano, ali\u00e1s Zil\u00e1 Fonseca (S\u00e3o Paulo, 12\/4\/1919-Rio de Janeiro, 30\/5\/1992), bate ponto novamente aqui no Toque Musical. Desta vez, oferecemos a nossos amigos cultos e ocultos um \u00e1lbum em que ela recorda sambas cl\u00e1ssicos de nossa m\u00fasica popular. \u00c9 \u201cSambas da saudade \u2013 volume 2\u201d, lan\u00e7ado em 1958 pela Columbia, hoje Sony Music, ainda no formato de dez polegadas. \u00a0O disco tem um repert\u00f3rio excelente, que dispensa coment\u00e1rios. Est\u00e3o nele verdadeiras joias do samba brasileiro, tais como \u201cSe acaso voc\u00ea chegasse\u201d, \u201cAgora \u00e9 cinza\u201d, \u201cDiz que tem\u201d e \u201cImplorar\u201d. \u00a0Sem sombra de d\u00favida, \u00e9 mais um trabalho que merece figurar em nosso Toque Musical. A conferir no GTM, sem falta.\u00a0<\/p>\n<div>se acaso voc\u00ea chegasse<\/div>\n<div>pelo amor que eu tenho a ela<\/div>\n<div>agora \u00e9 cinza<\/div>\n<div>implorar<\/div>\n<div>o orvalho vem caindo<\/div>\n<div>diz que tem<\/div>\n<div>aperto de m\u00e3o<\/div>\n<div>choro sim<\/div>\n<p><br \/><br \/><br \/>*Texto de Samuel Machado Filho<\/p>","protected":false},"excerpt":{"rendered":"<p>Iolanda Ribeiro Angarano, ali\u00e1s Zil\u00e1 Fonseca (S\u00e3o Paulo, 12\/4\/1919-Rio de Janeiro, 30\/5\/1992), bate ponto novamente aqui no Toque Musical. Desta vez, oferecemos a nossos amigos cultos e ocultos um \u00e1lbum em que ela recorda sambas cl\u00e1ssicos de nossa m\u00fasica popular. &hellip; <a href=\"https:\/\/www.toque-musicall.com\/?p=7274\">Continue lendo <span class=\"meta-nav\">&rarr;<\/span><\/a><\/p>\n","protected":false},"author":1,"featured_media":0,"comment_status":"closed","ping_status":"closed","sticky":false,"template":"","format":"standard","meta":{"footnotes":""},"categories":[269,336],"tags":[3238,3557],"class_list":["post-7274","post","type-post","status-publish","format-standard","hentry","category-selo-columbia","category-zila-fonseca","tag-selo-columbia","tag-zila-fonseca"],"_links":{"self":[{"href":"https:\/\/www.toque-musicall.com\/index.php?rest_route=\/wp\/v2\/posts\/7274","targetHints":{"allow":["GET"]}}],"collection":[{"href":"https:\/\/www.toque-musicall.com\/index.php?rest_route=\/wp\/v2\/posts"}],"about":[{"href":"https:\/\/www.toque-musicall.com\/index.php?rest_route=\/wp\/v2\/types\/post"}],"author":[{"embeddable":true,"href":"https:\/\/www.toque-musicall.com\/index.php?rest_route=\/wp\/v2\/users\/1"}],"replies":[{"embeddable":true,"href":"https:\/\/www.toque-musicall.com\/index.php?rest_route=%2Fwp%2Fv2%2Fcomments&post=7274"}],"version-history":[{"count":1,"href":"https:\/\/www.toque-musicall.com\/index.php?rest_route=\/wp\/v2\/posts\/7274\/revisions"}],"predecessor-version":[{"id":7275,"href":"https:\/\/www.toque-musicall.com\/index.php?rest_route=\/wp\/v2\/posts\/7274\/revisions\/7275"}],"wp:attachment":[{"href":"https:\/\/www.toque-musicall.com\/index.php?rest_route=%2Fwp%2Fv2%2Fmedia&parent=7274"}],"wp:term":[{"taxonomy":"category","embeddable":true,"href":"https:\/\/www.toque-musicall.com\/index.php?rest_route=%2Fwp%2Fv2%2Fcategories&post=7274"},{"taxonomy":"post_tag","embeddable":true,"href":"https:\/\/www.toque-musicall.com\/index.php?rest_route=%2Fwp%2Fv2%2Ftags&post=7274"}],"curies":[{"name":"wp","href":"https:\/\/api.w.org\/{rel}","templated":true}]}}