{"id":7276,"date":"2020-03-24T01:36:00","date_gmt":"2020-03-24T04:36:00","guid":{"rendered":"http:\/\/www.toque-musicall.com\/?p=7276"},"modified":"2020-03-28T01:39:13","modified_gmt":"2020-03-28T04:39:13","slug":"renato-de-oliveira-o-melhor-dos-festivais-1968","status":"publish","type":"post","link":"https:\/\/www.toque-musicall.com\/?p=7276","title":{"rendered":"Renato De Oliveira &#8211; O Melhor Dos Festivais (1968)"},"content":{"rendered":"\n<figure class=\"wp-block-image size-large\"><img decoding=\"async\" src=\"https:\/\/1.bp.blogspot.com\/-92k4Yfh4bx8\/Xn6WLpeOv4I\/AAAAAAAAQvE\/HaWorMOnHkAX6yUYt8WiYdrCm0wbicqNgCLcBGAsYHQ\/s640\/Anota%25C3%25A7%25C3%25A3o%2B2020-03-27%2B212643.jpg\" alt=\"\"\/><\/figure>\n\n\n\n<figure class=\"wp-block-image size-large\"><img decoding=\"async\" src=\"https:\/\/1.bp.blogspot.com\/-AINtoMZEa1k\/Xn6WLjFKGMI\/AAAAAAAAQvA\/nuZbyLd73DsXA3PQBf6WQj6vndmNgjJeQCLcBGAsYHQ\/s640\/Anota%25C3%25A7%25C3%25A3o%2B2020-03-27%2B212739.jpg\" alt=\"\"\/><\/figure>\n\n\n<p>Boa noite, car\u00edssimos amigos cultos e ocultos! Espero que todos estejam bem, em suas casas, ou em qualquer outro lugar, mas seguros, longe de qualquer forma de cont\u00e1gio com esse v\u00edrus que est\u00e1 mudando a rotina de todos n\u00f3s. Sejamos pacientes, resistentes e confiantes. Tudo isso ir\u00e1 passar. Tenhamos f\u00e9!<br \/>Hoje estamos trazendo um disco para quem gosta de orquestras e tamb\u00e9m de m\u00fasicas de festivais. Temos aqui uma produ\u00e7\u00e3o do selo Copacabana realizada em 1968. Um disco que re\u00fane m\u00fasicas selecionadas do II Festival Internacional da Can\u00e7\u00e3o e do III Festival da M\u00fasica Popular Brasileira, realizados pela antiga TV Record, de S\u00e3o Paulo. Trata-se de um disco instrumental orquestrado, tendo a frente os arranjos e reg\u00eancia do Maestro Renato de Oliveira. Confiram este lp no GTM&#8230;<\/p>\n<div>eu e a brisa<\/div>\n<div>kubatoku\u00ea mulata<\/div>\n<div>fala baixinho<\/div>\n<div>per una donna<\/div>\n<div>margarida<\/div>\n<div>roda viva<\/div>\n<div>wenn die liebe kommt<\/div>\n<div>uma d\u00fazia de rosas<\/div>\n<div>travessia<\/div>\n<div>celebration<\/div>\n<div>volta amanh\u00e3<\/div>\n<div>carolina<\/div>\n<div>\u00a0<\/div>\n<p><br \/>.<\/p>","protected":false},"excerpt":{"rendered":"<p>Boa noite, car\u00edssimos amigos cultos e ocultos! Espero que todos estejam bem, em suas casas, ou em qualquer outro lugar, mas seguros, longe de qualquer forma de cont\u00e1gio com esse v\u00edrus que est\u00e1 mudando a rotina de todos n\u00f3s. Sejamos &hellip; <a href=\"https:\/\/www.toque-musicall.com\/?p=7276\">Continue lendo <span class=\"meta-nav\">&rarr;<\/span><\/a><\/p>\n","protected":false},"author":1,"featured_media":0,"comment_status":"closed","ping_status":"closed","sticky":false,"template":"","format":"standard","meta":{"footnotes":""},"categories":[449,269],"tags":[3558,3238],"class_list":["post-7276","post","type-post","status-publish","format-standard","hentry","category-renato-de-oliveira","category-selo-columbia","tag-renato-de-oliveira","tag-selo-columbia"],"_links":{"self":[{"href":"https:\/\/www.toque-musicall.com\/index.php?rest_route=\/wp\/v2\/posts\/7276","targetHints":{"allow":["GET"]}}],"collection":[{"href":"https:\/\/www.toque-musicall.com\/index.php?rest_route=\/wp\/v2\/posts"}],"about":[{"href":"https:\/\/www.toque-musicall.com\/index.php?rest_route=\/wp\/v2\/types\/post"}],"author":[{"embeddable":true,"href":"https:\/\/www.toque-musicall.com\/index.php?rest_route=\/wp\/v2\/users\/1"}],"replies":[{"embeddable":true,"href":"https:\/\/www.toque-musicall.com\/index.php?rest_route=%2Fwp%2Fv2%2Fcomments&post=7276"}],"version-history":[{"count":1,"href":"https:\/\/www.toque-musicall.com\/index.php?rest_route=\/wp\/v2\/posts\/7276\/revisions"}],"predecessor-version":[{"id":7277,"href":"https:\/\/www.toque-musicall.com\/index.php?rest_route=\/wp\/v2\/posts\/7276\/revisions\/7277"}],"wp:attachment":[{"href":"https:\/\/www.toque-musicall.com\/index.php?rest_route=%2Fwp%2Fv2%2Fmedia&parent=7276"}],"wp:term":[{"taxonomy":"category","embeddable":true,"href":"https:\/\/www.toque-musicall.com\/index.php?rest_route=%2Fwp%2Fv2%2Fcategories&post=7276"},{"taxonomy":"post_tag","embeddable":true,"href":"https:\/\/www.toque-musicall.com\/index.php?rest_route=%2Fwp%2Fv2%2Ftags&post=7276"}],"curies":[{"name":"wp","href":"https:\/\/api.w.org\/{rel}","templated":true}]}}