{"id":728,"date":"2010-09-05T12:16:00","date_gmt":"2010-09-05T12:16:00","guid":{"rendered":"http:\/\/www.toque-musicall.com\/?p=728"},"modified":"2010-09-05T12:16:00","modified_gmt":"2010-09-05T12:16:00","slug":"quaterna-requiem-velha-gravura-1990","status":"publish","type":"post","link":"https:\/\/www.toque-musicall.com\/?p=728","title":{"rendered":"Quaterna R\u00e9quiem &#8211; Velha Gravura (1990)"},"content":{"rendered":"<p><a href=\"http:\/\/2.bp.blogspot.com\/_DSKVEvHtskc\/TIOKWiAmcWI\/AAAAAAAAG-c\/mHlhZKHlRX4\/s1600\/quaterna+r%C3%A9quiem+P.JPG\"><img decoding=\"async\" style=\"TEXT-ALIGN: center; MARGIN: 0px auto 10px; WIDTH: 400px; DISPLAY: block; HEIGHT: 397px; CURSOR: hand\" id=\"BLOGGER_PHOTO_ID_5513402488522699106\" border=\"0\" alt=\"\" src=\"http:\/\/2.bp.blogspot.com\/_DSKVEvHtskc\/TIOKWiAmcWI\/AAAAAAAAG-c\/mHlhZKHlRX4\/s400\/quaterna+r%C3%A9quiem+P.JPG\" \/><\/a> Na postagem de ontem eu cometi um pequeno erro ao comentar que ter\u00edamos na semana que se inicia discos de rock\/pop predominantemente dos anos 80. Desculpem, falha minha ao digitar, troquei o nove pelo oito (vou at\u00e9 corrigir). Acabei despertando a aten\u00e7\u00e3o de alguns esperan\u00e7osos para ver por aqui o que foi sucesso naquela d\u00e9cada (muito) colorida. O que faltou nos anos 80 foi uma vis\u00e3o lis\u00e9rgica para dissolver e misturar um pouco aquele &#8216;modrianismo-tonal-contrastante&#8217;. Eu at\u00e9 gosto, mas sinceramente, me cansa (os anos 80). Todavia, n\u00e3o ficarei batendo apenas numa mesma tecla. Voc\u00eas ver\u00e3o ao longo dos dias coisas bem variadas, inclusive um ou outro \u00edcone dos anos 80.<br \/>Se tem um tipo de rock que eu ainda hoje escuto com aten\u00e7\u00e3o \u00e9 o progressivo. Sempre gostei daquele estilo que se consagrou na primeira metade dos anos 70. Mas o &#8216;prog&#8217; por mais que tenha sofrido baixas na d\u00e9cada seguinte, nunca perdeu o seu encanto, tomou f\u00f4lego nos anos 90 e hoje em dia se recicla e se mescla \u00e0 diversos outros g\u00eaneros que v\u00e3o do &#8216;erudito&#8217; ao &#8216;trance&#8217;.<br \/>Devo confessar que perdi o bonde da hist\u00f3ria do progressivo a partir dos anos 90. Foram poucos os discos que me interessaram a partir de ent\u00e3o (acho que da\u00ed para adiante eu estava redescobrindo a m\u00fasica brasileira, herdando discos e tamb\u00e9m os sonhos dos meus falecidos).<br \/>Eis aqui o <a href=\"http:\/\/www.quaternarequiem.net\/index.htm\">Quaterna R\u00e9quiem<\/a>, um grupo de rock progressivo nascido no Rio de Janeiro no final dos anos 80, formado pelos irm\u00e3os, Elisa Wiermann (teclados, arranjos e composi\u00e7\u00f5es) e Cl\u00e1udio Dantas (bateria). Um dos melhores grupos de progressivo nacional surgido desde ent\u00e3o. &#8220;Velha Gravura&#8221; foi o primeiro \u00e1lbum e conta ainda, na forma\u00e7\u00e3o inicial com Kleber Vogel (vocal e violino), Jones J\u00fanior (guitarra e viol\u00e3o) e Marco Lauria (baixo). O som da banda \u00e9 muito gostoso de ouvir. Me faz lembrar Camel, Curved Air e at\u00e9 algumas bandas italinas setentonas. Este disco saiu em 1990 e em 92 teve sua vers\u00e3o em cd, com direito a mais duas m\u00fasicas in\u00e9ditas. Depois de mais de 20 anos de estrada, com v\u00e1rios discos e algumas altera\u00e7\u00f5es na forma\u00e7\u00e3o, o Quaterna R\u00e9quiem continua a todo vapor. Acredito que ainda hoje \u00e9 poss\u00edvel adquirir este cd em shows da banda. E por falar em show, o QR estar\u00e1 se apresentando na segunda edi\u00e7\u00e3o do j\u00e1 famoso &#8220;<a href=\"http:\/\/www.festivalmusicadomundo.com.br\/\">Festival M\u00fasica do Mundo<\/a>&#8220;, que acontece agora em Tr\u00eas Pontas\/MG, de 8 a 12 de setembro. Um super evento musical, recheado de super atra\u00e7\u00f5es, encabe\u00e7ado por Milton Nascimento. Eu daria tudo para estar l\u00e1, mas ainda n\u00e3o vai ser nesse&#8230;<br \/>Posso ter ficado velho para o rock&#8217;n&#8217;roll, mas ainda estou muito jovem para morrer (salve Jethro Tull!) Ali\u00e1s, eu n\u00e3o fiquei velho, o meu rock \u00e9 que talvez j\u00e1 n\u00e3o esteja agradando. Mas como na hist\u00f3ria em quadrinho do &#8216;velho Ray Lomas&#8217;, no final eu me dou bem: &#8220;<a name=\"TooOldToRocknRollTooYoungToDie\">Too Old to Rock &#8216;n&#8217; Roll:(no, no..) Too Young to Die<\/a>&#8220;.<\/p>\n<div align=\"center\">ramoniana<\/div>\n<div align=\"center\">aquarta<\/div>\n<div align=\"center\">velha gravura<\/div>\n<div align=\"center\">tempestade<\/div>\n<div align=\"center\">madrugada<\/div>\n<div align=\"center\">toccata<\/div>\n<div align=\"center\"> <\/div>\n<div align=\"center\"> <\/div>\n","protected":false},"excerpt":{"rendered":"<p>Na postagem de ontem eu cometi um pequeno erro ao comentar que ter\u00edamos na semana que se inicia discos de rock\/pop predominantemente dos anos 80. Desculpem, falha minha ao digitar, troquei o nove pelo oito (vou at\u00e9 corrigir). Acabei despertando &hellip; <a href=\"https:\/\/www.toque-musicall.com\/?p=728\">Continue lendo <span class=\"meta-nav\">&rarr;<\/span><\/a><\/p>\n","protected":false},"author":1,"featured_media":0,"comment_status":"open","ping_status":"closed","sticky":false,"template":"","format":"standard","meta":{"footnotes":""},"categories":[1045],"tags":[],"class_list":["post-728","post","type-post","status-publish","format-standard","hentry","category-quaterna-requiem"],"_links":{"self":[{"href":"https:\/\/www.toque-musicall.com\/index.php?rest_route=\/wp\/v2\/posts\/728","targetHints":{"allow":["GET"]}}],"collection":[{"href":"https:\/\/www.toque-musicall.com\/index.php?rest_route=\/wp\/v2\/posts"}],"about":[{"href":"https:\/\/www.toque-musicall.com\/index.php?rest_route=\/wp\/v2\/types\/post"}],"author":[{"embeddable":true,"href":"https:\/\/www.toque-musicall.com\/index.php?rest_route=\/wp\/v2\/users\/1"}],"replies":[{"embeddable":true,"href":"https:\/\/www.toque-musicall.com\/index.php?rest_route=%2Fwp%2Fv2%2Fcomments&post=728"}],"version-history":[{"count":0,"href":"https:\/\/www.toque-musicall.com\/index.php?rest_route=\/wp\/v2\/posts\/728\/revisions"}],"wp:attachment":[{"href":"https:\/\/www.toque-musicall.com\/index.php?rest_route=%2Fwp%2Fv2%2Fmedia&parent=728"}],"wp:term":[{"taxonomy":"category","embeddable":true,"href":"https:\/\/www.toque-musicall.com\/index.php?rest_route=%2Fwp%2Fv2%2Fcategories&post=728"},{"taxonomy":"post_tag","embeddable":true,"href":"https:\/\/www.toque-musicall.com\/index.php?rest_route=%2Fwp%2Fv2%2Ftags&post=728"}],"curies":[{"name":"wp","href":"https:\/\/api.w.org\/{rel}","templated":true}]}}