{"id":7280,"date":"2020-03-26T16:03:00","date_gmt":"2020-03-26T19:03:00","guid":{"rendered":"http:\/\/www.toque-musicall.com\/?p=7280"},"modified":"2020-03-28T16:05:56","modified_gmt":"2020-03-28T19:05:56","slug":"ely-camargo-dancas-folcloricas-brasileiras-e-folguedos-populares-1968","status":"publish","type":"post","link":"https:\/\/www.toque-musicall.com\/?p=7280","title":{"rendered":"Ely Camargo &#8211; Dan\u00e7as Folcl\u00f3ricas Brasileiras E Folguedos Populares (1968)"},"content":{"rendered":"\n<figure class=\"wp-block-image size-large\"><img decoding=\"async\" src=\"https:\/\/1.bp.blogspot.com\/-nzWmrH-boO4\/Xn-ZIRZUQ7I\/AAAAAAAAQvo\/qH7oaTKdkpIcPdZ7h7Xww6fFlXnlq7eywCLcBGAsYHQ\/s640\/Anota%25C3%25A7%25C3%25A3o%2B2020-03-28%2B113537.jpg\" alt=\"\"\/><\/figure>\n\n\n\n<figure class=\"wp-block-image size-large\"><img decoding=\"async\" src=\"https:\/\/1.bp.blogspot.com\/-aFguKiYQFCg\/Xn-ZIa8dg6I\/AAAAAAAAQvs\/AO0wCmRZJFcfCKMakzwvPomF5Jt99FgIwCLcBGAsYHQ\/s640\/Anota%25C3%25A7%25C3%25A3o%2B2020-03-28%2B113610.jpg\" alt=\"\"\/><\/figure>\n\n\n<p>Boa tarde, amigos cultos e ocultos! Hoje tenho a satisfa\u00e7\u00e3o de trazer aqui mais um disco da Ely Camargo. De vento em popa, logo podemos ter toda a sua discografia aqui. E isso, por certo, s\u00f3 acontece a alguns poucos artistas, os quais acreditamos terem em toda sua trajet\u00f3ria uma discografia impec\u00e1vel. E Ely \u00e9, sem d\u00favida um exemplo. Este disco foi postado originalmente no excelente blog Cantos &amp; Encantos, que hoje, infelizmente, j\u00e1 n\u00e3o existe mais. Pelo jeito, poucos blogs ainda resistem ao tempo, como o nosso Toque Musical. Como estamos vivendo um momento adverso em nossas vidas, por conta do tal v\u00edrus, eu estou sendo obrigado a buscar, eventualmente, discos de postagens de outros blog. Muitos desses discos eu at\u00e9 os tenho, mas literalmente \u00e9 uma m\u00e3o na roda j\u00e1 encontrar a coisa pronta e n\u00e3o foi atoa que guardei tudo em meus arquivos. Agora est\u00e3o a\u00ed, valendo novamente, para a alegria de todos que n\u00e3o conseguiram buscar o seu.<br \/>Acho que n\u00e3o preciso entrar em detalhes sobre este lp, lan\u00e7ado em 1968 pelo selo Chantecler. A contra capa j\u00e1 diz tudo. Um passeio pelo rico folclore brasileiro, um leque com diferentes tipos de manifesta\u00e7\u00f5es musicais. Confiram essa belezura no GTM.<\/p>\n<div>reisado alagoano (3 temas)<\/div>\n<div>ciriri<\/div>\n<div>cateret\u00ea do brejo velho<\/div>\n<div>pastoril de sergipe e alagoas<\/div>\n<div>caip\u00f3 paulista e mineiro<\/div>\n<div>samba-len\u00e7o<\/div>\n<div>boi bumb\u00e1 \u00e9 boi<\/div>\n<div>cantiga de s\u00e3o gon\u00e7alo<\/div>\n<div>quereumana<\/div>\n<div>ratoeira<\/div>\n<div>dan\u00e7a do retiro, dan\u00e7a da ca\u00e7ada<\/div>\n<div>mo\u00e7ambique<\/div>\n<div>maracatu<\/div>\n<div>vil\u00e3o<\/div>\n<p>\u00a0<\/p>","protected":false},"excerpt":{"rendered":"<p>Boa tarde, amigos cultos e ocultos! Hoje tenho a satisfa\u00e7\u00e3o de trazer aqui mais um disco da Ely Camargo. De vento em popa, logo podemos ter toda a sua discografia aqui. E isso, por certo, s\u00f3 acontece a alguns poucos &hellip; <a href=\"https:\/\/www.toque-musicall.com\/?p=7280\">Continue lendo <span class=\"meta-nav\">&rarr;<\/span><\/a><\/p>\n","protected":false},"author":1,"featured_media":0,"comment_status":"closed","ping_status":"closed","sticky":false,"template":"","format":"standard","meta":{"footnotes":""},"categories":[787,217],"tags":[3561,3073],"class_list":["post-7280","post","type-post","status-publish","format-standard","hentry","category-ely-camargo","category-selo-chantecler","tag-ely-camargo","tag-selo-chantecler"],"_links":{"self":[{"href":"https:\/\/www.toque-musicall.com\/index.php?rest_route=\/wp\/v2\/posts\/7280","targetHints":{"allow":["GET"]}}],"collection":[{"href":"https:\/\/www.toque-musicall.com\/index.php?rest_route=\/wp\/v2\/posts"}],"about":[{"href":"https:\/\/www.toque-musicall.com\/index.php?rest_route=\/wp\/v2\/types\/post"}],"author":[{"embeddable":true,"href":"https:\/\/www.toque-musicall.com\/index.php?rest_route=\/wp\/v2\/users\/1"}],"replies":[{"embeddable":true,"href":"https:\/\/www.toque-musicall.com\/index.php?rest_route=%2Fwp%2Fv2%2Fcomments&post=7280"}],"version-history":[{"count":1,"href":"https:\/\/www.toque-musicall.com\/index.php?rest_route=\/wp\/v2\/posts\/7280\/revisions"}],"predecessor-version":[{"id":7281,"href":"https:\/\/www.toque-musicall.com\/index.php?rest_route=\/wp\/v2\/posts\/7280\/revisions\/7281"}],"wp:attachment":[{"href":"https:\/\/www.toque-musicall.com\/index.php?rest_route=%2Fwp%2Fv2%2Fmedia&parent=7280"}],"wp:term":[{"taxonomy":"category","embeddable":true,"href":"https:\/\/www.toque-musicall.com\/index.php?rest_route=%2Fwp%2Fv2%2Fcategories&post=7280"},{"taxonomy":"post_tag","embeddable":true,"href":"https:\/\/www.toque-musicall.com\/index.php?rest_route=%2Fwp%2Fv2%2Ftags&post=7280"}],"curies":[{"name":"wp","href":"https:\/\/api.w.org\/{rel}","templated":true}]}}