{"id":7282,"date":"2020-03-28T20:24:37","date_gmt":"2020-03-28T23:24:37","guid":{"rendered":"http:\/\/www.toque-musicall.com\/?p=7282"},"modified":"2020-03-29T10:04:16","modified_gmt":"2020-03-29T13:04:16","slug":"elizeth-cardoso-quatrocentos-anos-de-samba-1965","status":"publish","type":"post","link":"https:\/\/www.toque-musicall.com\/?p=7282","title":{"rendered":"Elizete Cardoso &#8211; Quatrocentos Anos De Samba (1965)"},"content":{"rendered":"\n<figure class=\"wp-block-image size-large\"><img decoding=\"async\" src=\"https:\/\/1.bp.blogspot.com\/-zDQK47jXHFU\/Xn-7saQV-CI\/AAAAAAAAQwQ\/tDb2gdn0GqgKi9ziFJRuefTXS4_0V_g3gCLcBGAsYHQ\/s640\/Anota%25C3%25A7%25C3%25A3o%2B2020-03-28%2B181817.jpg\" alt=\"\"\/><\/figure>\n\n\n\n<figure class=\"wp-block-image size-large\"><img decoding=\"async\" src=\"https:\/\/1.bp.blogspot.com\/-5j7ICFS2TM0\/Xn-7r0MdGFI\/AAAAAAAAQwM\/G7OdGYxADqUtwh7cyWthY5XHY6DsQ9skQCLcBGAsYHQ\/s640\/Anota%25C3%25A7%25C3%25A3o%2B2020-03-28%2B181909.jpg\" alt=\"\"\/><\/figure>\n\n\n<p>Boa noite prezados amigos cultos e ocultos! Olha a\u00ed, mais uma artista, a qual caberia aqui no nosso Toque Musical toda a discografia, a magn\u00edfica Elizeth (ou Elizete) Cardoso. Assim, sempre que poss\u00edvel, vamos ter um disco dela em nossas postagens. Desta vez temos o lp de 1965, homenagem ao quarto centen\u00e1rio da cidade do Rio de Janeiro, &#8220;Quatrocentos Anos de Samba&#8221;, nome tamb\u00e9m da m\u00fasica que abre o disco, composi\u00e7\u00e3o de Luiz Antonio, que est\u00e1 presente em mais tr\u00eas faixas desse lp. Tem tamb\u00e9m o \u00f3timo samba de Z\u00e9 Keti, &#8220;O Meu Pecado&#8221;, tamb\u00e9m gravado por Paulinho da Viola. O disco tem um repert\u00f3rio muito bom, por\u00e9m, em pleno 1965, parece ter sido gravado dez anos antes, com arranjos e orquestra\u00e7\u00f5es um tanto antiquadas, penso eu. Mas Elizeth \u00e9 sempre Elizete e isso \u00e9 oque importa. Confira no GTM.<\/p>\n<div>quatrocentos anos de samba<\/div>\n<div>coisas mortas<\/div>\n<div>o meu pecado<\/div>\n<div>tem sido assim<\/div>\n<div>retrato do morro<\/div>\n<div>coisas do amor<\/div>\n<div>\u00e9 ontem ainda<\/div>\n<div>deixa que anoite\u00e7a<\/div>\n<div>caminhos do esquecer<\/div>\n<div>e eu t\u00f4 l\u00e1<\/div>\n<div>sangue quente<\/div>\n<div>vedete de fog\u00e3o<\/div>\n<p>.<\/p>","protected":false},"excerpt":{"rendered":"<p>Boa noite prezados amigos cultos e ocultos! Olha a\u00ed, mais uma artista, a qual caberia aqui no nosso Toque Musical toda a discografia, a magn\u00edfica Elizeth (ou Elizete) Cardoso. Assim, sempre que poss\u00edvel, vamos ter um disco dela em nossas &hellip; <a href=\"https:\/\/www.toque-musicall.com\/?p=7282\">Continue lendo <span class=\"meta-nav\">&rarr;<\/span><\/a><\/p>\n","protected":false},"author":1,"featured_media":0,"comment_status":"closed","ping_status":"closed","sticky":false,"template":"","format":"standard","meta":{"footnotes":""},"categories":[247,248,152],"tags":[3563,3562,3108],"class_list":["post-7282","post","type-post","status-publish","format-standard","hentry","category-elizete-cardoso","category-elizeth-cardoso","category-selo-copacabana","tag-elizete-cardoso","tag-elizeth-cardoso","tag-selo-copacabana"],"_links":{"self":[{"href":"https:\/\/www.toque-musicall.com\/index.php?rest_route=\/wp\/v2\/posts\/7282","targetHints":{"allow":["GET"]}}],"collection":[{"href":"https:\/\/www.toque-musicall.com\/index.php?rest_route=\/wp\/v2\/posts"}],"about":[{"href":"https:\/\/www.toque-musicall.com\/index.php?rest_route=\/wp\/v2\/types\/post"}],"author":[{"embeddable":true,"href":"https:\/\/www.toque-musicall.com\/index.php?rest_route=\/wp\/v2\/users\/1"}],"replies":[{"embeddable":true,"href":"https:\/\/www.toque-musicall.com\/index.php?rest_route=%2Fwp%2Fv2%2Fcomments&post=7282"}],"version-history":[{"count":2,"href":"https:\/\/www.toque-musicall.com\/index.php?rest_route=\/wp\/v2\/posts\/7282\/revisions"}],"predecessor-version":[{"id":7287,"href":"https:\/\/www.toque-musicall.com\/index.php?rest_route=\/wp\/v2\/posts\/7282\/revisions\/7287"}],"wp:attachment":[{"href":"https:\/\/www.toque-musicall.com\/index.php?rest_route=%2Fwp%2Fv2%2Fmedia&parent=7282"}],"wp:term":[{"taxonomy":"category","embeddable":true,"href":"https:\/\/www.toque-musicall.com\/index.php?rest_route=%2Fwp%2Fv2%2Fcategories&post=7282"},{"taxonomy":"post_tag","embeddable":true,"href":"https:\/\/www.toque-musicall.com\/index.php?rest_route=%2Fwp%2Fv2%2Ftags&post=7282"}],"curies":[{"name":"wp","href":"https:\/\/api.w.org\/{rel}","templated":true}]}}