{"id":7284,"date":"2020-03-29T09:53:40","date_gmt":"2020-03-29T12:53:40","guid":{"rendered":"http:\/\/www.toque-musicall.com\/?p=7284"},"modified":"2020-04-02T10:54:19","modified_gmt":"2020-04-02T13:54:19","slug":"raul-de-barros-sonho-e-animacao-em-ritmo-de-danca-1960","status":"publish","type":"post","link":"https:\/\/www.toque-musicall.com\/?p=7284","title":{"rendered":"Raul De Barros &#8211; Sonho E Anima\u00e7\u00e3o Em Ritmo De Dan\u00e7a (1960)"},"content":{"rendered":"\n<figure class=\"wp-block-image size-large\"><img decoding=\"async\" src=\"https:\/\/1.bp.blogspot.com\/-yZUm-KfSoHY\/XoCXNJJBCMI\/AAAAAAAAQwc\/NlnaeVGp57UGXbwASyG2gY-hRQYpazUhACLcBGAsYHQ\/s640\/capa%2Bp.jpg\" alt=\"\"\/><\/figure>\n\n\n\n<figure class=\"wp-block-image size-large\"><img decoding=\"async\" src=\"https:\/\/1.bp.blogspot.com\/-vfRr3XlCE4c\/XoCXNIckE7I\/AAAAAAAAQwg\/fcn9Sp72AcMyGTLPsH1hNowQKdTc4fFRACLcBGAsYHQ\/s640\/contra%2Bp.jpg\" alt=\"\"\/><\/figure>\n\n\n<p>Sem d\u00favida um trombonista que marcou \u00e9poca em nossa m\u00fasica popular, Raul de Barros (Rio de Janeiro, 25\/11\/1915-Itabora\u00ed, RJ, 8\/6\/2009) volta a bater ponto aqui no Toque Musical. Desta vez, trazemos para nossos amigos cultos e ocultos \u201cSonho e anima\u00e7\u00e3o em ritmo de dan\u00e7a\u201d, \u00e1lbum lan\u00e7ado pela Odeon em 1960. Nele, \u00e0 frente de seu conjunto, Raul sola cl\u00e1ssicos nacionais e internacionais com muita propriedade, provando que era mesmo um trombonista nota 10. No repert\u00f3rio temos, entre outras, \u201cQuiereme mucho\u201d, \u201cNo rancho fundo\u201d, \u201cTudo ou nada\u201d, \u201cHymne a l\u2019amour\u201d e tamb\u00e9m um tema erudito, a \u201cValsa do adeus\u201d, de Chopin, em ritmo de bolero. Conforme diz a contracapa, Raul de Barros se supera neste disco, fazendo dele puro divertimento para n\u00f3s. \u00c9 mais um \u00f3timo disco dele que o TM oferece, com a satisfa\u00e7\u00e3o de sempre. N\u00e3o deixem de conferir no GTM.\u00a0<\/p>\n<div>i&#8217;m in the mood for love<\/div>\n<div>quiereme mucho<\/div>\n<div>hymme a l&#8217;amoure<\/div>\n<div>a valsa do adeus<\/div>\n<div>temptation<\/div>\n<div>tudo ou nada<\/div>\n<div>perf\u00eddia<\/div>\n<div>no rancho fundo<\/div>\n<div>stardust<\/div>\n<div>eu sei que vou te amar<\/div>\n<div>andaluzia<\/div>\n<div>all the things you are<\/div>\n<div>\u00a0<\/div>\n<p>*Texto de Samuel Machado Filho .<\/p>","protected":false},"excerpt":{"rendered":"<p>Sem d\u00favida um trombonista que marcou \u00e9poca em nossa m\u00fasica popular, Raul de Barros (Rio de Janeiro, 25\/11\/1915-Itabora\u00ed, RJ, 8\/6\/2009) volta a bater ponto aqui no Toque Musical. Desta vez, trazemos para nossos amigos cultos e ocultos \u201cSonho e anima\u00e7\u00e3o &hellip; <a href=\"https:\/\/www.toque-musicall.com\/?p=7284\">Continue lendo <span class=\"meta-nav\">&rarr;<\/span><\/a><\/p>\n","protected":false},"author":1,"featured_media":0,"comment_status":"closed","ping_status":"closed","sticky":false,"template":"","format":"standard","meta":{"footnotes":""},"categories":[219,86],"tags":[3569,3153],"class_list":["post-7284","post","type-post","status-publish","format-standard","hentry","category-raul-de-barros","category-selo-odeon","tag-raul-de-barros","tag-selo-odeon"],"_links":{"self":[{"href":"https:\/\/www.toque-musicall.com\/index.php?rest_route=\/wp\/v2\/posts\/7284","targetHints":{"allow":["GET"]}}],"collection":[{"href":"https:\/\/www.toque-musicall.com\/index.php?rest_route=\/wp\/v2\/posts"}],"about":[{"href":"https:\/\/www.toque-musicall.com\/index.php?rest_route=\/wp\/v2\/types\/post"}],"author":[{"embeddable":true,"href":"https:\/\/www.toque-musicall.com\/index.php?rest_route=\/wp\/v2\/users\/1"}],"replies":[{"embeddable":true,"href":"https:\/\/www.toque-musicall.com\/index.php?rest_route=%2Fwp%2Fv2%2Fcomments&post=7284"}],"version-history":[{"count":2,"href":"https:\/\/www.toque-musicall.com\/index.php?rest_route=\/wp\/v2\/posts\/7284\/revisions"}],"predecessor-version":[{"id":7286,"href":"https:\/\/www.toque-musicall.com\/index.php?rest_route=\/wp\/v2\/posts\/7284\/revisions\/7286"}],"wp:attachment":[{"href":"https:\/\/www.toque-musicall.com\/index.php?rest_route=%2Fwp%2Fv2%2Fmedia&parent=7284"}],"wp:term":[{"taxonomy":"category","embeddable":true,"href":"https:\/\/www.toque-musicall.com\/index.php?rest_route=%2Fwp%2Fv2%2Fcategories&post=7284"},{"taxonomy":"post_tag","embeddable":true,"href":"https:\/\/www.toque-musicall.com\/index.php?rest_route=%2Fwp%2Fv2%2Ftags&post=7284"}],"curies":[{"name":"wp","href":"https:\/\/api.w.org\/{rel}","templated":true}]}}