{"id":7289,"date":"2020-03-30T00:16:00","date_gmt":"2020-03-30T03:16:00","guid":{"rendered":"http:\/\/www.toque-musicall.com\/?p=7289"},"modified":"2020-03-31T00:18:44","modified_gmt":"2020-03-31T03:18:44","slug":"paulinho-da-viola-e-o-conjunto-a-voz-do-morro-1973","status":"publish","type":"post","link":"https:\/\/www.toque-musicall.com\/?p=7289","title":{"rendered":"Paulinho Da Viola E O Conjunto A Voz Do Morro (1973)"},"content":{"rendered":"\n<figure class=\"wp-block-image size-large\"><img decoding=\"async\" src=\"https:\/\/1.bp.blogspot.com\/-j2zLH3znBmI\/XoKrtj_lSQI\/AAAAAAAAQw0\/7-x4KcQy8qc1G6Oncrde4O1Df_jUnLI0wCLcBGAsYHQ\/s640\/Anota%25C3%25A7%25C3%25A3o%2B2020-03-30%2B234033.jpg\" alt=\"\"\/><\/figure>\n\n\n\n<figure class=\"wp-block-image size-large\"><img decoding=\"async\" src=\"https:\/\/1.bp.blogspot.com\/-h8x1eTWjGuo\/XoKrs4Bsa4I\/AAAAAAAAQww\/UUBDOtaLBUALy83EiYG7jlzuum8pCpQTgCLcBGAsYHQ\/s640\/Anota%25C3%25A7%25C3%25A3o%2B2020-03-30%2B234114.jpg\" alt=\"\"\/><\/figure>\n\n\n<p>Boa noite, prezados amigos cultos e ocultos! Hoje eu passei o dia dando uma geral aqui no Toque Musical. Olhando para tr\u00e1s, vejo quanta coisa j\u00e1 fizemos. Mas, o que mais me chamou a aten\u00e7\u00e3o foram os meus textos de resenha e por consequ\u00eancia os coment\u00e1rios. Meu Deus, quanto amadorismo! Quanta coisa errada eu escrevi, tanto erros bobos de ortografia quanto erros de abordagem e descri\u00e7\u00e3o nas resenhas. \u00c9 certo que no in\u00edcio eu vivia numa corrida contra o tempo, tudo para manter as postagens di\u00e1rias e no capricho. E para quem n\u00e3o estava muito acostumado com resenhas, principalmente di\u00e1rias, falhas e erros foi o que n\u00e3o faltou. E os comentaristas, amigos cultos e ocultos, n\u00e3o perdoavam em suas cr\u00edticas. E estavam certos. Quer escrever, escreve direito, essa \u00e9 a verdade. E a gente aprende, podem acreditar&#8230;<br \/>Ent\u00e3o, hoje tempos uma boa pedida musical, Paulinho da Viola e o Conjunto A Voz do Morro. Eu tinha, para mim, que este disco j\u00e1 havia sido postado aqui no Toque Musical. Por\u00e9m, hoje percebi que n\u00e3o e assim sendo, chegou a sua hora. Por certo, n\u00e3o se trata de uma raridade ou novidade no mundo dos blogs. Muitos j\u00e1 o postaram e talvez tenha sido por isso mesmo que eu o deixei de lado. Mas como deixar de lado um disco t\u00e3o bacana? Este lp foi lan\u00e7ado originalmente em 1965, mas em 73 ele voltou a ser relan\u00e7ado com essa nova capa. Aqui temos o grande Paulinho da Viola juntamente com o conjunto A Voz do Morro foi um grupo organizado por Z\u00e9 K\u00e9ti, conforme nos conta a lenda, a pedido da gravadora Musidisc. Ele reuniu um time de sambistas da pesada com alguns integrantes do musical Rosa de Ouro. O conjunto era formado por Anescarzinho do Salgueiro, Elton Medeiros<br \/>Jair do Cavaquino, Nelson Sargento, Oscar Bigode, Jos\u00e9 da Cruz, o pr\u00f3prio Z\u00e9 K\u00e9ti e o jovem Paulinho da Viola. O lp \u00e9 recheado de uma das melhores safras do samba carioca. O disco saiu, originalmente pelo selo Musidisc, em 65, mas em 73 ele foi relan\u00e7ado, desta vez pelo selo RCA, quando ent\u00e3o Paulinho da Viola j\u00e1 tinha se tornado uma grande estrela da MPB. E por conta dessas e de outras, apareceu com uma nova capa e o nome de Paulinho em destaque. Creio que n\u00e3o h\u00e1 muito o que se falar deste trabalho, pois todo mundo j\u00e1 o conhece bem. E assim sendo, s\u00f3 me cabe mesmo a postagem. Um lp da melhor qualidade que voc\u00ea n\u00e3o pode perder. Confira no nosso GTM.<\/p>\n<div>pe\u00e7o licen\u00e7a<\/div>\n<div>intriga<\/div>\n<div>mascarada<\/div>\n<div>cora\u00e7\u00e3o vulgar<\/div>\n<div>conversa de malandro<\/div>\n<div>pecadora<\/div>\n<div>vai saudade<\/div>\n<div>jurar com l\u00e1grimas<\/div>\n<div>maria<\/div>\n<div>cora\u00e7\u00e3o de outro<\/div>\n<div>n\u00e3o sou feliz<\/div>\n<div>inj\u00faria<\/div>\n<div>sonho triste<\/div>\n<div>meu viver<\/div>\n<p><br \/><br \/>.<\/p>","protected":false},"excerpt":{"rendered":"<p>Boa noite, prezados amigos cultos e ocultos! Hoje eu passei o dia dando uma geral aqui no Toque Musical. Olhando para tr\u00e1s, vejo quanta coisa j\u00e1 fizemos. Mas, o que mais me chamou a aten\u00e7\u00e3o foram os meus textos de &hellip; <a href=\"https:\/\/www.toque-musicall.com\/?p=7289\">Continue lendo <span class=\"meta-nav\">&rarr;<\/span><\/a><\/p>\n","protected":false},"author":1,"featured_media":0,"comment_status":"closed","ping_status":"closed","sticky":false,"template":"","format":"standard","meta":{"footnotes":""},"categories":[1935,542,277,1],"tags":[3564,3321,3204],"class_list":["post-7289","post","type-post","status-publish","format-standard","hentry","category-conjunto-a-voz-do-morro","category-paulinho-da-viola","category-selo-rca-camden","category-sem-categoria","tag-conjunto-a-voz-do-morro","tag-paulinho-da-viola","tag-selo-rca-camden"],"_links":{"self":[{"href":"https:\/\/www.toque-musicall.com\/index.php?rest_route=\/wp\/v2\/posts\/7289","targetHints":{"allow":["GET"]}}],"collection":[{"href":"https:\/\/www.toque-musicall.com\/index.php?rest_route=\/wp\/v2\/posts"}],"about":[{"href":"https:\/\/www.toque-musicall.com\/index.php?rest_route=\/wp\/v2\/types\/post"}],"author":[{"embeddable":true,"href":"https:\/\/www.toque-musicall.com\/index.php?rest_route=\/wp\/v2\/users\/1"}],"replies":[{"embeddable":true,"href":"https:\/\/www.toque-musicall.com\/index.php?rest_route=%2Fwp%2Fv2%2Fcomments&post=7289"}],"version-history":[{"count":1,"href":"https:\/\/www.toque-musicall.com\/index.php?rest_route=\/wp\/v2\/posts\/7289\/revisions"}],"predecessor-version":[{"id":7290,"href":"https:\/\/www.toque-musicall.com\/index.php?rest_route=\/wp\/v2\/posts\/7289\/revisions\/7290"}],"wp:attachment":[{"href":"https:\/\/www.toque-musicall.com\/index.php?rest_route=%2Fwp%2Fv2%2Fmedia&parent=7289"}],"wp:term":[{"taxonomy":"category","embeddable":true,"href":"https:\/\/www.toque-musicall.com\/index.php?rest_route=%2Fwp%2Fv2%2Fcategories&post=7289"},{"taxonomy":"post_tag","embeddable":true,"href":"https:\/\/www.toque-musicall.com\/index.php?rest_route=%2Fwp%2Fv2%2Ftags&post=7289"}],"curies":[{"name":"wp","href":"https:\/\/api.w.org\/{rel}","templated":true}]}}