{"id":729,"date":"2010-09-04T17:04:00","date_gmt":"2010-09-04T17:04:00","guid":{"rendered":"http:\/\/www.toque-musicall.com\/?p=729"},"modified":"2010-09-04T17:04:00","modified_gmt":"2010-09-04T17:04:00","slug":"mutantes-os-mutantes-1968","status":"publish","type":"post","link":"https:\/\/www.toque-musicall.com\/?p=729","title":{"rendered":"Mutantes &#8211; Os Mutantes (1968)"},"content":{"rendered":"<p><a href=\"http:\/\/4.bp.blogspot.com\/_DSKVEvHtskc\/TIJ8abVyxzI\/AAAAAAAAG-E\/TjhVLRK_Fys\/s1600\/mutantes+P.JPG\"><img decoding=\"async\" style=\"TEXT-ALIGN: center; MARGIN: 0px auto 10px; WIDTH: 400px; DISPLAY: block; HEIGHT: 398px; CURSOR: hand\" id=\"BLOGGER_PHOTO_ID_5513105687312516914\" border=\"0\" alt=\"\" src=\"http:\/\/4.bp.blogspot.com\/_DSKVEvHtskc\/TIJ8abVyxzI\/AAAAAAAAG-E\/TjhVLRK_Fys\/s400\/mutantes+P.JPG\" \/><\/a> Ol\u00e1s! Antes que voc\u00eas estranhem o fato de eu estar postando um disco dos mais &#8216;manjados&#8217; na rede, vou logo explicando os meus motivos. O primeiro, com certeza, \u00e9 por ser um disco dos que eu mais adoro. Cresci ouvindo Mutantes e fiquei velho tamb\u00e9m ouvindo Mutantes. Seria um pecado da minha parte n\u00e3o postar ao menos um cl\u00e1ssico do grupo no meu blog. Embora aqui no Toque Musical tenhamos tr\u00eas outras postagens deles, este \u00e9 sem d\u00favida um aut\u00eantico Mutantes. O outro motivo que me leva a fazer esta postagem \u00e9 tamb\u00e9m para anunciar o tema da pr\u00f3xima semana: m\u00fasica jovem (dos 60 para c\u00e1).<br \/>H\u00e1 alguns dias atr\u00e1s, um amigo, vendo a minha prepara\u00e7\u00e3o toda para as costumeiras postagens di\u00e1rias, me disse meio de zombaria: &#8220;Cara, voc\u00ea est\u00e1 mesmo ficando velho! E r\u00e1pido demais. J\u00e1 est\u00e1 ficando careca e o cabelo que lhe resta come\u00e7a a embranquecer. Isso deve ser os efeitos colaterais dessas m\u00fasicas velhas que voc\u00ea anda ouvindo. Esse mundo antigo, passado e saudoso \u00e9 bacana, mas v\u00ea se n\u00e3o absorve muito a ideia. Voc\u00ea est\u00e1 com atitudes de um velho&#8230;&#8221; Eu quase meti a bengala na cabe\u00e7a dele, mas resolvi n\u00e3o dar muita bola para aquela bobajada. Mas confesso que depois, fiquei pensando na minha adolesc\u00eancia, nos meus vinte anos de &#8216;boy&#8217; e coisa e tal. \u00c9, acho que de vez em quanto eu preciso mesmo rever os meus valores, ou melhor, minha juventude. O que de uma certa forma, tamb\u00e9m n\u00e3o deixa de ser coisa do passado. Mas sei que foi nesse conflito de gera\u00e7\u00e3o que decidi trazer mais um pouco da m\u00fasica que eu ouvia at\u00e9 os meus vinte e poucos anos. Me refiro em especial \u00e0 m\u00fasica jovem, o rock e o pop nacional. Durante a(s) pr\u00f3xima(s) semana(s) vamos ter aqui alguns \u00e1lbuns interessantes, principalmente dos anos 80. Quero trazer discos que n\u00e3o vejo com muita frequ\u00eancia em outros blogs. Espero que voc\u00eas gostem. \ud83d\ude42<br \/>Bom, sobre o disco de hoje, acho que n\u00e3o tenho nada a dizer que j\u00e1 n\u00e3o tenha sido dito. Temos aqui o primeiro lp do trio Arnaldo, Rita e S\u00e9rgio. Um \u00e1lbum inovador, que na \u00e9poca n\u00e3o foi muito bem compreendido pelo p\u00fablico. Era a vertente el\u00e9trica do Tropicalismo. Um \u00e1lbum cheio de experimenta\u00e7\u00e3o, diferente de tudo o que rolava de jovem num Brasil Pop e (pi)careta.  Ave, Gengis Khan!<\/p>\n<div align=\"center\">panis et circenses<\/div>\n<div align=\"center\">a minha menina<\/div>\n<div align=\"center\">o rel\u00f3gio<\/div>\n<div align=\"center\">adeus, maria ful\u00f4<\/div>\n<div align=\"center\">baby<\/div>\n<div align=\"center\">senhor f<\/div>\n<div align=\"center\">bat macumba<\/div>\n<div align=\"center\">le premier bonheur du jour<\/div>\n<div align=\"center\">trem fantasma<\/div>\n<div align=\"center\">tempo perdido (once i was a time i tought)<\/div>\n<div align=\"center\">ave, gengis khan<\/div>\n<div align=\"center\"> <\/div>\n<div align=\"center\"> <\/div>\n","protected":false},"excerpt":{"rendered":"<p>Ol\u00e1s! Antes que voc\u00eas estranhem o fato de eu estar postando um disco dos mais &#8216;manjados&#8217; na rede, vou logo explicando os meus motivos. O primeiro, com certeza, \u00e9 por ser um disco dos que eu mais adoro. Cresci ouvindo &hellip; <a href=\"https:\/\/www.toque-musicall.com\/?p=729\">Continue lendo <span class=\"meta-nav\">&rarr;<\/span><\/a><\/p>\n","protected":false},"author":1,"featured_media":0,"comment_status":"open","ping_status":"closed","sticky":false,"template":"","format":"standard","meta":{"footnotes":""},"categories":[801],"tags":[],"class_list":["post-729","post","type-post","status-publish","format-standard","hentry","category-mutantes"],"_links":{"self":[{"href":"https:\/\/www.toque-musicall.com\/index.php?rest_route=\/wp\/v2\/posts\/729","targetHints":{"allow":["GET"]}}],"collection":[{"href":"https:\/\/www.toque-musicall.com\/index.php?rest_route=\/wp\/v2\/posts"}],"about":[{"href":"https:\/\/www.toque-musicall.com\/index.php?rest_route=\/wp\/v2\/types\/post"}],"author":[{"embeddable":true,"href":"https:\/\/www.toque-musicall.com\/index.php?rest_route=\/wp\/v2\/users\/1"}],"replies":[{"embeddable":true,"href":"https:\/\/www.toque-musicall.com\/index.php?rest_route=%2Fwp%2Fv2%2Fcomments&post=729"}],"version-history":[{"count":0,"href":"https:\/\/www.toque-musicall.com\/index.php?rest_route=\/wp\/v2\/posts\/729\/revisions"}],"wp:attachment":[{"href":"https:\/\/www.toque-musicall.com\/index.php?rest_route=%2Fwp%2Fv2%2Fmedia&parent=729"}],"wp:term":[{"taxonomy":"category","embeddable":true,"href":"https:\/\/www.toque-musicall.com\/index.php?rest_route=%2Fwp%2Fv2%2Fcategories&post=729"},{"taxonomy":"post_tag","embeddable":true,"href":"https:\/\/www.toque-musicall.com\/index.php?rest_route=%2Fwp%2Fv2%2Ftags&post=729"}],"curies":[{"name":"wp","href":"https:\/\/api.w.org\/{rel}","templated":true}]}}