{"id":7291,"date":"2020-03-31T13:33:52","date_gmt":"2020-03-31T16:33:52","guid":{"rendered":"http:\/\/www.toque-musicall.com\/?p=7291"},"modified":"2020-03-31T13:33:52","modified_gmt":"2020-03-31T16:33:52","slug":"zezinho-e-seu-conjunto-mesa-de-pista-n-2-1959","status":"publish","type":"post","link":"https:\/\/www.toque-musicall.com\/?p=7291","title":{"rendered":"Zezinho E Seu Conjunto &#8211; Mesa De Pista N. 2 (1959)"},"content":{"rendered":"\n<figure class=\"wp-block-image size-large\"><img decoding=\"async\" src=\"https:\/\/1.bp.blogspot.com\/-ozYUTunAcwU\/XoM_xen9peI\/AAAAAAAAQxE\/cmEFid3_dWUSCUExiAPC_ywyr5icOpVMQCLcBGAsYHQ\/s640\/Anota%25C3%25A7%25C3%25A3o%2B2020-03-31%2B101857.jpg\" alt=\"\"\/><\/figure>\n\n\n\n<figure class=\"wp-block-image size-large\"><img decoding=\"async\" src=\"https:\/\/1.bp.blogspot.com\/-LWOIewp3qz8\/XoM_xkUMTqI\/AAAAAAAAQxI\/VDnrT8MeWw8QfCpUAcWTvrCn3LfmGBbgwCLcBGAsYHQ\/s640\/Anota%25C3%25A7%25C3%25A3o%2B2020-03-31%2B102026.jpg\" alt=\"\"\/><\/figure>\n\n\n<p>Ol\u00e1, amigos cultos e ocultos! Eis aqui mais um \u00e1lbum dan\u00e7ante, dos muitos lan\u00e7ados pelas gravadoras nos anos 1950\/60. \u00c9 \u201cMesa de pista n\u00famero 2\u201d, editado pela Odeon em 1959, com Zezinho e seu conjunto (o primeiro saiu em 1957, com Zezinho \u00e0 frente dos Copacabana). Jos\u00e9 Batista da Silva J\u00fanior (seu nome de batismo), tamb\u00e9m pianista e acordeonista, era pernambucano do Recife, onde fez seus estudos musicais, e veio para o eixo Rio-S\u00e3o Paulo em 1957. Atuou na R\u00e1dio Nacional (hoje Globo) de S\u00e3o Paulo como acordeonista do conjunto de ritmos da emissora. Mais tarde, passou a chefiar o conjunto e a dirigir orquestra. Entretanto, devido \u00e0 mudan\u00e7a de orienta\u00e7\u00e3o da emissora, a orquestra foi dispensada e Zezinho passou a se apresentar em bailes e boates, al\u00e9m de fazer arranjos para grava\u00e7\u00f5es.\u00a0 O disco, como informa a contracapa, re\u00fane uma sele\u00e7\u00e3o das m\u00fasicas mais executadas pelas casas noturnas da \u00e9poca, a pedido dos pr\u00f3prios frequentadores. Entre as faixas, destaque para \u201cMeu lim\u00e3o, meu limoeiro\u201d, um tema folcl\u00f3rico adaptado por Jos\u00e9 Carlos Burle, que Wilson Simonal reviveria anos mais tarde, \u201cCalado venci\u201d (\u00fanica parceria de Ataulfo Alves e Herivelto Martins) e ainda para o cl\u00e1ssico \u201cPra machucar meu cora\u00e7\u00e3o\u201d, do mestre Ary Barroso. No mais, um disco muito bom, que merece o nosso Toque Musical. A conferir no GTM, sem falta.<\/p>\n<div>blues in the night<\/div>\n<div>slow joe<\/div>\n<div>timb\u00f3<\/div>\n<div>vai querer<\/div>\n<div>serenade imn mambo<\/div>\n<div>temptation<\/div>\n<div>cambina briante<\/div>\n<div>meu lim\u00e3o meu limoeiro<\/div>\n<div>quem manda na minha vida sou eu<\/div>\n<div>calado venci<\/div>\n<div>completamente<\/div>\n<div>n\u00e3o tive tempo<\/div>\n<div>champanhota<\/div>\n<div>pra machucar meu cora\u00e7\u00e3o<\/div>\n<div>apoio moral<\/div>\n<div>\u00a0<\/div>\n<p><br \/><br \/>*Texto de Samuel Machado Filho<\/p>","protected":false},"excerpt":{"rendered":"<p>Ol\u00e1, amigos cultos e ocultos! Eis aqui mais um \u00e1lbum dan\u00e7ante, dos muitos lan\u00e7ados pelas gravadoras nos anos 1950\/60. \u00c9 \u201cMesa de pista n\u00famero 2\u201d, editado pela Odeon em 1959, com Zezinho e seu conjunto (o primeiro saiu em 1957, &hellip; <a href=\"https:\/\/www.toque-musicall.com\/?p=7291\">Continue lendo <span class=\"meta-nav\">&rarr;<\/span><\/a><\/p>\n","protected":false},"author":1,"featured_media":0,"comment_status":"closed","ping_status":"closed","sticky":false,"template":"","format":"standard","meta":{"footnotes":""},"categories":[86,3565],"tags":[3153,3566],"class_list":["post-7291","post","type-post","status-publish","format-standard","hentry","category-selo-odeon","category-zezinho-e-seu-conjunto","tag-selo-odeon","tag-zezinho-e-seu-conjunto"],"_links":{"self":[{"href":"https:\/\/www.toque-musicall.com\/index.php?rest_route=\/wp\/v2\/posts\/7291","targetHints":{"allow":["GET"]}}],"collection":[{"href":"https:\/\/www.toque-musicall.com\/index.php?rest_route=\/wp\/v2\/posts"}],"about":[{"href":"https:\/\/www.toque-musicall.com\/index.php?rest_route=\/wp\/v2\/types\/post"}],"author":[{"embeddable":true,"href":"https:\/\/www.toque-musicall.com\/index.php?rest_route=\/wp\/v2\/users\/1"}],"replies":[{"embeddable":true,"href":"https:\/\/www.toque-musicall.com\/index.php?rest_route=%2Fwp%2Fv2%2Fcomments&post=7291"}],"version-history":[{"count":1,"href":"https:\/\/www.toque-musicall.com\/index.php?rest_route=\/wp\/v2\/posts\/7291\/revisions"}],"predecessor-version":[{"id":7292,"href":"https:\/\/www.toque-musicall.com\/index.php?rest_route=\/wp\/v2\/posts\/7291\/revisions\/7292"}],"wp:attachment":[{"href":"https:\/\/www.toque-musicall.com\/index.php?rest_route=%2Fwp%2Fv2%2Fmedia&parent=7291"}],"wp:term":[{"taxonomy":"category","embeddable":true,"href":"https:\/\/www.toque-musicall.com\/index.php?rest_route=%2Fwp%2Fv2%2Fcategories&post=7291"},{"taxonomy":"post_tag","embeddable":true,"href":"https:\/\/www.toque-musicall.com\/index.php?rest_route=%2Fwp%2Fv2%2Ftags&post=7291"}],"curies":[{"name":"wp","href":"https:\/\/api.w.org\/{rel}","templated":true}]}}