{"id":73,"date":"2012-05-05T23:09:00","date_gmt":"2012-05-05T23:09:00","guid":{"rendered":"http:\/\/www.toque-musicall.com\/?p=73"},"modified":"2012-05-05T23:09:00","modified_gmt":"2012-05-05T23:09:00","slug":"abel-ferreira-e-ademilde-fonseca-projeto-pixinguinha-vol-2-2012","status":"publish","type":"post","link":"https:\/\/www.toque-musicall.com\/?p=73","title":{"rendered":"Abel Ferreira E Ademilde Fonseca &#8211; Projeto Pixinguinha Vol. 2 (2012)"},"content":{"rendered":"<div style=\"clear: both; text-align: center;\"><a href=\"http:\/\/3.bp.blogspot.com\/-DH3D9LcpfeI\/T6Wm7xQWuvI\/AAAAAAAAB7Y\/H0f0tDlWKrw\/s1600\/CAPAp.JPG\" style=\"margin-left: 1em; margin-right: 1em;\"><img loading=\"lazy\" decoding=\"async\" border=\"0\" height=\"400\" src=\"http:\/\/3.bp.blogspot.com\/-DH3D9LcpfeI\/T6Wm7xQWuvI\/AAAAAAAAB7Y\/H0f0tDlWKrw\/s400\/CAPAp.JPG\" width=\"400\" \/><\/a><\/div>\n<div style=\"clear: both; text-align: center;\"><a href=\"http:\/\/3.bp.blogspot.com\/-rc3jz3fqa9Q\/T6Wm2m5467I\/AAAAAAAAB7Q\/0HDKA3RPzK0\/s1600\/CONTRACAPAp.JPG\" style=\"margin-left: 1em; margin-right: 1em;\"><img loading=\"lazy\" decoding=\"async\" border=\"0\" height=\"400\" src=\"http:\/\/3.bp.blogspot.com\/-rc3jz3fqa9Q\/T6Wm2m5467I\/AAAAAAAAB7Q\/0HDKA3RPzK0\/s400\/CONTRACAPAp.JPG\" width=\"400\" \/><\/a><\/div>\n<p>Boa noite, amigos cultos, ocultos e associados! Enquanto as prov\u00e1veis novas mudan\u00e7as no Blogger n\u00e3o acontecem, eu continuo seguindo no mesmo ritmo. Vamos mantendo as postagens di\u00e1rias e se poss\u00edvel, sempre com coisas e m\u00fasicas para se ouvir com outros olhos. Afinal, capengando ou n\u00e3o, aqui ainda \u00e9 o Toque Musical. Ali\u00e1s, \u00e9 bom dizer, a cada novo golpe eu fico mais criativo \ud83d\ude42 De burro eu s\u00f3 tenho mesmo a teimosia.<br \/>Hoje, embora seja um dia onde me dedico \u00e0s colet\u00e2neas, por falta de tempo e de lembran\u00e7a, acabei optando por mais um n\u00famero do Projeto Pixinguinha. Vamos para o volume 2, com <a href=\"http:\/\/www.funarte.gov.br\/brasilmemoriadasartes\/acervo\/pixinguinha\/abel-ferreira-ademilde-fonseca-e-uma-antologia-do-choro-no-projeto-pixinguinha\/\" target=\"_blank\">Ademilde Fonseca e Abel Ferreira<\/a>, em show realizado em 1977, na primeira edi\u00e7\u00e3o do evento. Como j\u00e1 havia informado, n\u00e3o entrarei no m\u00e9rito da quest\u00e3o. Estas postagens servir\u00e3o sempre como um chamarisco, uma porta a mais de entrada para o site Brasil Mem\u00f3ria das Artes. Tenho certeza que todos que entrarem aqui, ir\u00e3o de imediato buscar no site da Funarte as informa\u00e7\u00f5es. Essa \u00e9 a minha contrapartida, dar mais \u00a0visibilidade \u00e0 esse site maravilhoso. N\u00e3o deixem de visitar!<\/p>\n<div style=\"text-align: center;\">rapaziada do br\u00e1s<\/div>\n<div style=\"text-align: center;\">corta jaca<\/div>\n<div style=\"text-align: center;\">cochilando<\/div>\n<div style=\"text-align: center;\">chorando baixinho<\/div>\n<div style=\"text-align: center;\">odeon<\/div>\n<div style=\"text-align: center;\">andr\u00e9 de sapato novo<\/div>\n<div style=\"text-align: center;\">acariciando<\/div>\n<div style=\"text-align: center;\">t\u00edtulos de nobreza<\/div>\n<div style=\"text-align: center;\">o que vier eu tra\u00e7o<\/div>\n<div style=\"text-align: center;\">dinorah<\/div>\n<div style=\"text-align: center;\">pedacinhos do c\u00e9u<\/div>\n<div style=\"text-align: center;\">choro chor\u00e3o<\/div>\n<div style=\"text-align: center;\">cora\u00e7\u00e3o trapaceiro<\/div>\n<div style=\"text-align: center;\">ing\u00eanuo<\/div>\n<div style=\"text-align: center;\">chorinho do suvaco de cobra<\/div>\n<div style=\"text-align: center;\">saxofone, porque choras?<\/div>\n<div style=\"text-align: center;\">luar de coromandel<\/div>\n<div style=\"text-align: center;\">apresenta\u00e7\u00e3o dos m\u00fasicos<\/div>\n<div style=\"text-align: center;\">chora mo\u00e7ada<\/div>\n<div style=\"text-align: center;\">lamentos<\/div>\n<div style=\"text-align: center;\">doce melodia<\/div>\n<div style=\"text-align: center;\">paraquedista<\/div>\n<div style=\"text-align: center;\">tece teco<\/div>\n<div style=\"text-align: center;\">tico tico no fub\u00e1 &#8211; apanhei-te cavaquinho<\/div>\n<div style=\"text-align: center;\">brasileirinho &#8211; urubu malandro<\/div>\n","protected":false},"excerpt":{"rendered":"<p>Boa noite, amigos cultos, ocultos e associados! Enquanto as prov\u00e1veis novas mudan\u00e7as no Blogger n\u00e3o acontecem, eu continuo seguindo no mesmo ritmo. Vamos mantendo as postagens di\u00e1rias e se poss\u00edvel, sempre com coisas e m\u00fasicas para se ouvir com outros &hellip; <a href=\"https:\/\/www.toque-musicall.com\/?p=73\">Continue lendo <span class=\"meta-nav\">&rarr;<\/span><\/a><\/p>\n","protected":false},"author":1,"featured_media":0,"comment_status":"open","ping_status":"closed","sticky":false,"template":"","format":"standard","meta":{"footnotes":""},"categories":[125,124,11,62],"tags":[],"class_list":["post-73","post","type-post","status-publish","format-standard","hentry","category-abel-ferreira","category-ademilde-fonseca","category-exclusivos-do-toque-musical","category-projeto-pixinguinha"],"_links":{"self":[{"href":"https:\/\/www.toque-musicall.com\/index.php?rest_route=\/wp\/v2\/posts\/73","targetHints":{"allow":["GET"]}}],"collection":[{"href":"https:\/\/www.toque-musicall.com\/index.php?rest_route=\/wp\/v2\/posts"}],"about":[{"href":"https:\/\/www.toque-musicall.com\/index.php?rest_route=\/wp\/v2\/types\/post"}],"author":[{"embeddable":true,"href":"https:\/\/www.toque-musicall.com\/index.php?rest_route=\/wp\/v2\/users\/1"}],"replies":[{"embeddable":true,"href":"https:\/\/www.toque-musicall.com\/index.php?rest_route=%2Fwp%2Fv2%2Fcomments&post=73"}],"version-history":[{"count":0,"href":"https:\/\/www.toque-musicall.com\/index.php?rest_route=\/wp\/v2\/posts\/73\/revisions"}],"wp:attachment":[{"href":"https:\/\/www.toque-musicall.com\/index.php?rest_route=%2Fwp%2Fv2%2Fmedia&parent=73"}],"wp:term":[{"taxonomy":"category","embeddable":true,"href":"https:\/\/www.toque-musicall.com\/index.php?rest_route=%2Fwp%2Fv2%2Fcategories&post=73"},{"taxonomy":"post_tag","embeddable":true,"href":"https:\/\/www.toque-musicall.com\/index.php?rest_route=%2Fwp%2Fv2%2Ftags&post=73"}],"curies":[{"name":"wp","href":"https:\/\/api.w.org\/{rel}","templated":true}]}}