{"id":7302,"date":"2020-04-02T00:19:00","date_gmt":"2020-04-02T03:19:00","guid":{"rendered":"http:\/\/www.toque-musicall.com\/?p=7302"},"modified":"2020-04-02T10:56:08","modified_gmt":"2020-04-02T13:56:08","slug":"elis-regina-ao-vivo-e-internacional-2020","status":"publish","type":"post","link":"https:\/\/www.toque-musicall.com\/?p=7302","title":{"rendered":"Elis Regina &#8211; Ao Vivo E Internacional (2020)"},"content":{"rendered":"\n<figure class=\"wp-block-image size-large\"><img decoding=\"async\" src=\"https:\/\/1.bp.blogspot.com\/-w1SHlaRkkFw\/XoU_O2W2csI\/AAAAAAAAQxs\/-J5XlfsccxQPH-4JJD_II7vLvDRfqb32ACLcBGAsYHQ\/s640\/Anota%25C3%25A7%25C3%25A3o%2B2020-04-01%2B222907.jpg\" alt=\"\"\/><\/figure>\n\n\n\n<figure class=\"wp-block-image size-large\"><img decoding=\"async\" src=\"https:\/\/1.bp.blogspot.com\/-oMH8C7Jzedk\/XoU_PTqR-kI\/AAAAAAAAQxw\/TNaxRQa9Jsw7Gcf2BTAyRXy7AU2AX7fNACLcBGAsYHQ\/s640\/Anota%25C3%25A7%25C3%25A3o%2B2020-04-01%2B223034.jpg\" alt=\"\"\/><\/figure>\n\n\n<p>Boa noite, amigos cultos e ocultos! Aproveitando para ocupar o tempo (nunca pensei que diria isso), eu hoje resolvi produzir um disco virtual, seguindo os moldes de tantos outros que criei, com exclusividade para o nosso Toque Musical. J\u00e1 faz tempo que eu n\u00e3o apresentava algo assim, al\u00e9m da cole\u00e7\u00e3o Grand Record Brazil, de 78 rpm, que este ano voltou para a alegria de seus apreciadores. Estou trazendo para voc\u00eas o \u00e1udio editado e devidamente separado de duas distintas apresenta\u00e7\u00f5es ao vivo da nossa querida e saudosa Elis Regina. Trata-se da apresenta\u00e7\u00e3o da cantora em Portugal, em 1978, em show realizado no Teatro Villaret, de Lisboa e de quebra, outra apresenta\u00e7\u00e3o dela, mais antiga, na televis\u00e3o francesa, em 1968. Esses \u00e1udios hoje em dia j\u00e1 devem ser do conhecimento de todos, pois al\u00e9m de j\u00e1 ter sido publicado em outros blogs e sites, tamb\u00e9m pode ser ouvido no YouTube. Mas eis que eu achei de transformar tudo isso numa pseuda produ\u00e7\u00e3o fonogr\u00e1fica, pois sei que muitos gostam dessa brincadeira e tem gente que at\u00e9 imprime as capinhas e monta tudo num cd. E aqui, a gente procura fazer tudo no capricho. No arquivo que voc\u00eas podem buscar no GTM, ir\u00e3o encontrar o pacote completo, com todos os encartes e capa que permitem a impress\u00e3o em papel com qualidade. Ent\u00e3o, temos aqui esta apresenta\u00e7\u00e3o de Elis Regina no tradicional teatro lisboeta Villaret, em 1978. Um show memor\u00e1vel onde poderemos ouvir m\u00fasicas que marcaram os anos 70 e hoje s\u00e3o verdadeiros cl\u00e1ssicos da nossa MPB. Na sequ\u00eancia, temos um registro de Elis em apresenta\u00e7\u00e3o na televis\u00e3o francesa, Paris, 1968, outro memor\u00e1vel momento. Neste \u00faltimo \u00e1udio eu preferi n\u00e3o fazer cortes, mantendo a sequencia (quase) linear do programa. A qualidade dos registros n\u00e3o \u00e9 l\u00e1 grande coisa, mas aqui tamb\u00e9m, procurei dar uma melhorada no \u00e1udio e assim chegando no resultado que voc\u00eas poder\u00e3o conferir no GTM. Espero que esteja no agrado.<\/p>\n<div>fascina\u00e7\u00e3o<\/div>\n<div>aqui \u00e9 o pa\u00eds do futebol<\/div>\n<div>sinal fechado<\/div>\n<div>transversal do tempo<\/div>\n<div>deus lhe pague<\/div>\n<div>qualquer dia<\/div>\n<div>caxang\u00e1<\/div>\n<div>ensaio geral<\/div>\n<div>o mestre sala do mares<\/div>\n<div>romaria<\/div>\n<div>maravilha<\/div>\n<div>nada ser\u00e1 como antes<\/div>\n<div>deixa<\/div>\n<div>corrida de jangadas<\/div>\n<div>la nuit de mon amour<\/div>\n<div>s\u00e1 marina<\/div>\n<div>samba da ben\u00e7\u00e3o<\/div>\n<div>upa neguinho<\/div>\n<p><\/p>","protected":false},"excerpt":{"rendered":"<p>Boa noite, amigos cultos e ocultos! Aproveitando para ocupar o tempo (nunca pensei que diria isso), eu hoje resolvi produzir um disco virtual, seguindo os moldes de tantos outros que criei, com exclusividade para o nosso Toque Musical. J\u00e1 faz &hellip; <a href=\"https:\/\/www.toque-musicall.com\/?p=7302\">Continue lendo <span class=\"meta-nav\">&rarr;<\/span><\/a><\/p>\n","protected":false},"author":1,"featured_media":0,"comment_status":"closed","ping_status":"closed","sticky":false,"template":"","format":"standard","meta":{"footnotes":""},"categories":[52,3457],"tags":[3568,3429],"class_list":["post-7302","post","type-post","status-publish","format-standard","hentry","category-elis-regina","category-exclusivos-toque-musical","tag-elis-regina","tag-exclusivos-do-toque-musical"],"_links":{"self":[{"href":"https:\/\/www.toque-musicall.com\/index.php?rest_route=\/wp\/v2\/posts\/7302","targetHints":{"allow":["GET"]}}],"collection":[{"href":"https:\/\/www.toque-musicall.com\/index.php?rest_route=\/wp\/v2\/posts"}],"about":[{"href":"https:\/\/www.toque-musicall.com\/index.php?rest_route=\/wp\/v2\/types\/post"}],"author":[{"embeddable":true,"href":"https:\/\/www.toque-musicall.com\/index.php?rest_route=\/wp\/v2\/users\/1"}],"replies":[{"embeddable":true,"href":"https:\/\/www.toque-musicall.com\/index.php?rest_route=%2Fwp%2Fv2%2Fcomments&post=7302"}],"version-history":[{"count":3,"href":"https:\/\/www.toque-musicall.com\/index.php?rest_route=\/wp\/v2\/posts\/7302\/revisions"}],"predecessor-version":[{"id":7305,"href":"https:\/\/www.toque-musicall.com\/index.php?rest_route=\/wp\/v2\/posts\/7302\/revisions\/7305"}],"wp:attachment":[{"href":"https:\/\/www.toque-musicall.com\/index.php?rest_route=%2Fwp%2Fv2%2Fmedia&parent=7302"}],"wp:term":[{"taxonomy":"category","embeddable":true,"href":"https:\/\/www.toque-musicall.com\/index.php?rest_route=%2Fwp%2Fv2%2Fcategories&post=7302"},{"taxonomy":"post_tag","embeddable":true,"href":"https:\/\/www.toque-musicall.com\/index.php?rest_route=%2Fwp%2Fv2%2Ftags&post=7302"}],"curies":[{"name":"wp","href":"https:\/\/api.w.org\/{rel}","templated":true}]}}