{"id":7321,"date":"2020-04-08T09:38:55","date_gmt":"2020-04-08T12:38:55","guid":{"rendered":"http:\/\/www.toque-musicall.com\/?p=7321"},"modified":"2020-04-08T09:41:39","modified_gmt":"2020-04-08T12:41:39","slug":"emb-enciclopedia-da-musica-brasileira-erudita-folclorica-popular-1977","status":"publish","type":"post","link":"https:\/\/www.toque-musicall.com\/?p=7321","title":{"rendered":"EMB &#8211; Enciclopedia Da M\u00fasica Brasileira &#8211; Erudita Folcl\u00f3rica Popular (1978)"},"content":{"rendered":"\n<figure class=\"wp-block-image size-large\"><img decoding=\"async\" src=\"https:\/\/1.bp.blogspot.com\/-V9JvVPEegUU\/Xo0NheQjWtI\/AAAAAAAAQ0M\/2hK2a84whdI5CqJU-McMC0CVHuiEzRG8ACLcBGAsYHQ\/s640\/capa.JPG\" alt=\"\"\/><\/figure>\n\n\n<p>Muito bom dia, amigos cultos e ocultos! Espero que estejam todos seguindo a linha do bom senso, FIQUE EM CASA! Aproveitem o tempo para ler, ouvir m\u00fasica, colocar em dia aquilo que tem sempre sido adiado. Certamente n\u00e3o h\u00e1 de falta coisas boas para se fazer.<br \/>E falando em coisas boas, uma boa dica pode ser a EMB &#8211; Enciclop\u00e9dia da M\u00fasica Brasileira &#8211; Erudita, Folcl\u00f3rica, Popular. Como leitura voc\u00eas poder\u00e3o encontrar para comprar o livro do pesquisador Marco Ant\u00f4nio Marcondes, lan\u00e7ado em 1977. \u00c9 dele este importante trabalho que nos serve de guia, assim como outros, quando buscamos informa\u00e7\u00f5es precisas sobre um determinado item hist\u00f3rico sobre a m\u00fasica brasileira. E como parte dessa sua produ\u00e7\u00e3o tem tamb\u00e9m este box com dois lps, lan\u00e7ados em 1978, que j\u00e1 \u00e9 mais dif\u00edcil de achar e por isso mesmo est\u00e1 aqui, no Toque Musical. Nele temos dois lps nos quais s\u00e3o apresentados, no primeiro, de 77, um pouco da nossa m\u00fasica folcl\u00f3rica, de ra\u00edzes regionais\/sertaneja e no segundo disco, de 78, temos o grande violonista Toquinho (com viol\u00e3o de emprestado por Tom Jobim, segundo nota na ficha t\u00e9cnica) interpretando obras de Villa Lobos e tamb\u00e9m chorinhos diversos, que representaria aqui o popular. Sem d\u00favida um trabalho fonogr\u00e1fico interessant\u00edssimo e raro de se ter e ouvir. Creio que talvez poucos o conhe\u00e7am. Eis aqui a oportunidade. N\u00e3o deixem de conferir no nosso GTM.<\/p>\n<div>ast\u00facia de negro velho &#8211; corn\u00e9lio pires<\/div>\n<div>jorginho do sert\u00e3o &#8211; corn\u00e9lio pires<\/div>\n<div>no mour\u00e3o da porteira &#8211; raul torres e flor\u00eancio<\/div>\n<div>hor\u00f3scopo &#8211; alvarenga e ranchinho<\/div>\n<div>canoeiro &#8211; tonico e tinoco<\/div>\n<div>guar\u00e2nia da lua nova &#8211; cascatinha e inhana<\/div>\n<div>ciriema &#8211; irm\u00e3s castro<\/div>\n<div>cochilou cachimbo cai &#8211; ti\u00e3o carreiro e pardinho<\/div>\n<div>cavalo preto &#8211; palmeira e luizinho<\/div>\n<div>sarita &#8211; pedro bento e z\u00e9 da estrada<\/div>\n<div>chit\u00e3ozinho e xoror\u00f3 &#8211; non\u00f4 e nan\u00e1<\/div>\n<div>nova flor &#8211; bia e dino franco<\/div>\n<div>caminho do c\u00e9u &#8211; ca\u00e7ula e marinheiro<\/div>\n<div>suite popular brasileira, de villa lobos &#8211; toquinho:<\/div>\n<div>mazurca<\/div>\n<div>schottich<\/div>\n<div>valsa<\/div>\n<div>gavotta<\/div>\n<div>chorinho<\/div>\n<div>gracioso, de garoto<\/div>\n<div>interrogando, de jo\u00e3o pernambuco<\/div>\n<div>brasilliance, de laurindo de almeida<\/div>\n<div>choro da saudade, de agustin barrios<\/div>\n<p>\u00a0<\/p>","protected":false},"excerpt":{"rendered":"<p>Muito bom dia, amigos cultos e ocultos! Espero que estejam todos seguindo a linha do bom senso, FIQUE EM CASA! Aproveitem o tempo para ler, ouvir m\u00fasica, colocar em dia aquilo que tem sempre sido adiado. Certamente n\u00e3o h\u00e1 de &hellip; <a href=\"https:\/\/www.toque-musicall.com\/?p=7321\">Continue lendo <span class=\"meta-nav\">&rarr;<\/span><\/a><\/p>\n","protected":false},"author":1,"featured_media":0,"comment_status":"closed","ping_status":"closed","sticky":false,"template":"","format":"standard","meta":{"footnotes":""},"categories":[824,3579,2586,1503,3577,3576,993,2835,236,235,232,25,3578,892,1120,3209],"tags":[3580,3017],"class_list":["post-7321","post","type-post","status-publish","format-standard","hentry","category-alvarenga-e-ranchinho","category-bia-e-dino-franco","category-cacula-e-marinheiro","category-cascatinha-e-inhana","category-cornelio-pires","category-emb-enciclopedia-da-musica-brasileira","category-irmas-castro","category-nono-e-nana","category-palmeira-e-luizinho","category-pedro-bento-e-ze-da-estrada","category-raul-torres-e-florencio","category-selo-independente","category-tiao-carreiro-e-pardinho","category-tonico-e-tinoco","category-toquinho","category-villa-lobos-2","tag-emb-enciclopedia-da-musica-brasileira","tag-selo-independente"],"_links":{"self":[{"href":"https:\/\/www.toque-musicall.com\/index.php?rest_route=\/wp\/v2\/posts\/7321","targetHints":{"allow":["GET"]}}],"collection":[{"href":"https:\/\/www.toque-musicall.com\/index.php?rest_route=\/wp\/v2\/posts"}],"about":[{"href":"https:\/\/www.toque-musicall.com\/index.php?rest_route=\/wp\/v2\/types\/post"}],"author":[{"embeddable":true,"href":"https:\/\/www.toque-musicall.com\/index.php?rest_route=\/wp\/v2\/users\/1"}],"replies":[{"embeddable":true,"href":"https:\/\/www.toque-musicall.com\/index.php?rest_route=%2Fwp%2Fv2%2Fcomments&post=7321"}],"version-history":[{"count":2,"href":"https:\/\/www.toque-musicall.com\/index.php?rest_route=\/wp\/v2\/posts\/7321\/revisions"}],"predecessor-version":[{"id":7323,"href":"https:\/\/www.toque-musicall.com\/index.php?rest_route=\/wp\/v2\/posts\/7321\/revisions\/7323"}],"wp:attachment":[{"href":"https:\/\/www.toque-musicall.com\/index.php?rest_route=%2Fwp%2Fv2%2Fmedia&parent=7321"}],"wp:term":[{"taxonomy":"category","embeddable":true,"href":"https:\/\/www.toque-musicall.com\/index.php?rest_route=%2Fwp%2Fv2%2Fcategories&post=7321"},{"taxonomy":"post_tag","embeddable":true,"href":"https:\/\/www.toque-musicall.com\/index.php?rest_route=%2Fwp%2Fv2%2Ftags&post=7321"}],"curies":[{"name":"wp","href":"https:\/\/api.w.org\/{rel}","templated":true}]}}