{"id":734,"date":"2010-08-30T10:16:00","date_gmt":"2010-08-30T10:16:00","guid":{"rendered":"http:\/\/www.toque-musicall.com\/?p=734"},"modified":"2010-08-30T10:16:00","modified_gmt":"2010-08-30T10:16:00","slug":"tito-madi-chove-la-fora-1963","status":"publish","type":"post","link":"https:\/\/www.toque-musicall.com\/?p=734","title":{"rendered":"Tito Madi &#8211; Chove L\u00e1 Fora (1963)"},"content":{"rendered":"<p><a href=\"http:\/\/1.bp.blogspot.com\/_DSKVEvHtskc\/THuFYPVnJNI\/AAAAAAAAG9I\/qo0g4xBa1pQ\/s1600\/Tito+Madi+P.JPG\"><img decoding=\"async\" style=\"TEXT-ALIGN: center; MARGIN: 0px auto 10px; WIDTH: 400px; DISPLAY: block; HEIGHT: 385px; CURSOR: hand\" id=\"BLOGGER_PHOTO_ID_5511145220498466002\" border=\"0\" alt=\"\" src=\"http:\/\/1.bp.blogspot.com\/_DSKVEvHtskc\/THuFYPVnJNI\/AAAAAAAAG9I\/qo0g4xBa1pQ\/s400\/Tito+Madi+P.JPG\" \/><\/a> Bom dia a todos! Bem rapidinho, inicio a semana trazendo mais uma vez o nosso querido Tito Madi. Antes que come\u00e7em a comentar, vou logo avisando que o presente lp n\u00e3o \u00e9 uma repostagem, mas sim uma reedi\u00e7\u00e3o do \u00e1lbum de 10 polegadas <a href=\"http:\/\/toque-musicall.blogspot.com\/2009\/03\/tito-madi-chove-la-fora-1958.html\">&#8220;Chove l\u00e1 fora&#8221;<\/a>, lan\u00e7ado em 1958. Acontece por\u00e9m que nesta segunda vers\u00e3o de 1963 temos al\u00e9m das oito m\u00fasicas constantes no disco de 58, outras quatro retiradas de discos anteriores gravados em 78 rpm.<br \/>Confiram a\u00ed, porque eu j\u00e1 estou de sa\u00edda. Segunda feira \u00e9 foda!<\/p>\n<div align=\"center\">chove l\u00e1 fora<\/div>\n<div align=\"center\">duas contas<\/div>\n<div align=\"center\">cansei de ilus\u00f5es<\/div>\n<div align=\"center\">s\u00f3 desilus\u00e3o<\/div>\n<div align=\"center\">d\u00e1-me tuas m\u00e3os<\/div>\n<div align=\"center\">gauchinha bem querer<\/div>\n<div align=\"center\">n\u00e3o diga n\u00e3o<\/div>\n<div align=\"center\">foi a noite<\/div>\n<div align=\"center\">fracassos de amor<\/div>\n<div align=\"center\">&#8230; e a chuva parou<\/div>\n<div align=\"center\">rio triste<\/div>\n<div align=\"center\">olha-me, diga-me<\/div>\n<div align=\"center\"><\/div>\n<div align=\"center\"><\/div>\n","protected":false},"excerpt":{"rendered":"<p>Bom dia a todos! Bem rapidinho, inicio a semana trazendo mais uma vez o nosso querido Tito Madi. Antes que come\u00e7em a comentar, vou logo avisando que o presente lp n\u00e3o \u00e9 uma repostagem, mas sim uma reedi\u00e7\u00e3o do \u00e1lbum &hellip; <a href=\"https:\/\/www.toque-musicall.com\/?p=734\">Continue lendo <span class=\"meta-nav\">&rarr;<\/span><\/a><\/p>\n","protected":false},"author":1,"featured_media":0,"comment_status":"open","ping_status":"closed","sticky":false,"template":"","format":"standard","meta":{"footnotes":""},"categories":[89],"tags":[],"class_list":["post-734","post","type-post","status-publish","format-standard","hentry","category-tito-madi"],"_links":{"self":[{"href":"https:\/\/www.toque-musicall.com\/index.php?rest_route=\/wp\/v2\/posts\/734","targetHints":{"allow":["GET"]}}],"collection":[{"href":"https:\/\/www.toque-musicall.com\/index.php?rest_route=\/wp\/v2\/posts"}],"about":[{"href":"https:\/\/www.toque-musicall.com\/index.php?rest_route=\/wp\/v2\/types\/post"}],"author":[{"embeddable":true,"href":"https:\/\/www.toque-musicall.com\/index.php?rest_route=\/wp\/v2\/users\/1"}],"replies":[{"embeddable":true,"href":"https:\/\/www.toque-musicall.com\/index.php?rest_route=%2Fwp%2Fv2%2Fcomments&post=734"}],"version-history":[{"count":0,"href":"https:\/\/www.toque-musicall.com\/index.php?rest_route=\/wp\/v2\/posts\/734\/revisions"}],"wp:attachment":[{"href":"https:\/\/www.toque-musicall.com\/index.php?rest_route=%2Fwp%2Fv2%2Fmedia&parent=734"}],"wp:term":[{"taxonomy":"category","embeddable":true,"href":"https:\/\/www.toque-musicall.com\/index.php?rest_route=%2Fwp%2Fv2%2Fcategories&post=734"},{"taxonomy":"post_tag","embeddable":true,"href":"https:\/\/www.toque-musicall.com\/index.php?rest_route=%2Fwp%2Fv2%2Ftags&post=734"}],"curies":[{"name":"wp","href":"https:\/\/api.w.org\/{rel}","templated":true}]}}