{"id":7341,"date":"2020-04-14T12:50:11","date_gmt":"2020-04-14T15:50:11","guid":{"rendered":"http:\/\/www.toque-musicall.com\/?p=7341"},"modified":"2020-04-14T12:51:11","modified_gmt":"2020-04-14T15:51:11","slug":"m-renato-and-his-orchestra-o-balanco-e-a-bossa-196","status":"publish","type":"post","link":"https:\/\/www.toque-musicall.com\/?p=7341","title":{"rendered":"M. Renato And His Orchestra &#8211; O Balan\u00e7o \u00c9 A Bossa (196&#8230;)"},"content":{"rendered":"\n<figure class=\"wp-block-image size-large\"><img decoding=\"async\" src=\"https:\/\/1.bp.blogspot.com\/-LxI02GiCYAY\/XpXKxJj1xOI\/AAAAAAAAQ2Q\/pPl1sHGe0g83xPZBw9uyMWcljM8YFOnqwCLcBGAsYHQ\/s640\/capa%2B2%2Bp.jpg\" alt=\"\"\/><\/figure>\n\n\n\n<figure class=\"wp-block-image size-large\"><img decoding=\"async\" src=\"https:\/\/1.bp.blogspot.com\/-wMKI6bv--rE\/XpXKwlpsWoI\/AAAAAAAAQ2M\/tVXhOAk-xqgEPXjpQT3KKo5axCmUxmoCwCLcBGAsYHQ\/s640\/contracapa%2B2%2Bp.jpg\" alt=\"\"\/><\/figure>\n\n\n\n<figure class=\"wp-block-image size-large\"><img decoding=\"async\" src=\"https:\/\/1.bp.blogspot.com\/-DW1Uh8PEynY\/XpXK9xTXLJI\/AAAAAAAAQ2c\/OR95CM-2GAYcVXpTA4sAi36xjlamVqswACLcBGAsYHQ\/s640\/Anota%25C3%25A7%25C3%25A3o%2B2020-04-14%2B115321.jpg\" alt=\"\"\/><\/figure>\n\n\n\n<figure class=\"wp-block-image size-large\"><img decoding=\"async\" src=\"https:\/\/1.bp.blogspot.com\/-Q0D-sPHQDzY\/XpXL0Jf6vFI\/AAAAAAAAQ20\/LB7DwL7lfg000ZB0rfV0Qe24V9gSPxu4gCLcBGAsYHQ\/s640\/lp-conjunto-masterplay-balanco-e-a-bossa-1962-promocional-D_NQ_NP_609901-MLB20433530044_092015-F.jpg\" alt=\"\"\/><\/figure>\n\n\n<p>Bom dia, amigos cultos e ocultos! Temos hoje uma curiosidade, coisa que cai muito bem por aqui. Um desses discos cuja obscuridade sempre nos atrai. Como podemos ver logo pelas fotos, temos dois discos com capas semelhantes e tamb\u00e9m com o mesmo t\u00edtulo, &#8220;O Balan\u00e7o \u00e9 a Bossa&#8221;. O que os difere, por certo, \u00e9 o repert\u00f3rio e tamb\u00e9m os artistas. O lp que estamos postando j\u00e1 foi publicado em outros blogs e tamb\u00e9m trouxe as mesmas d\u00favidas e gerou pol\u00eamica. Trata-se de um disco de samba e bossa nova instrumental, cujo o repert\u00f3rio \u00e9 cheio de cl\u00e1ssicos do g\u00eanero. Tem como artista executor um tal de M. Renato And His Orchestra. Bem sugestivo, fosse essa uma produ\u00e7\u00e3o voltada para um p\u00fablico internacional. Mas eu c\u00e1, tenho as minhas d\u00favidas. Para mim n\u00e3o passa de firulas t\u00edpicas de um tempo em que fonogramas eram negociados de baixo do pano, editados sem muitos crit\u00e9rios e por conseguinte at\u00e9 mesmo as artes das capas. Pesquisando rapidamente, n\u00e3o achei e ningu\u00e9m tamb\u00e9m conseguiu resolver o mist\u00e9rio: quem seria M. Renato And His Orchestra? Para mim, poderia ser, talvez, o Maestro Renato de Oliveira, regente que atuou nessa \u00e9poca em diversos discos e gravadoras. O selo, Egal, tamb\u00e9m \u00e9 outra inc\u00f3gnita, n\u00e3o me lembro de qualquer outro disco com este selo. Realmente um mist\u00e9rio&#8230; Por\u00e9m, no meu entendimento e suposi\u00e7\u00e3o, acho que este lp foi uma esp\u00e9cie de reciclagem, um aproveitamento de coisas, capa, principalmente e talvez at\u00e9 grava\u00e7\u00f5es engavetadas que at\u00e9 ent\u00e3o n\u00e3o haviam sido publicadas. Em 1962 (ou 63), o selo Masterplay lan\u00e7ava o mono &#8220;O Balan\u00e7o \u00e9 a Bossa&#8221;, cujo conjunto, com o mesmo nome da gravadora, era formado por Maciel no trombone, Mozart no piston, Juarez no saxofone, Astor no trombone, Sandoval no piano e tendo o maestro Nelsinho como respons\u00e1vel pelos arranjos. Penso eu que essa turma tenha gravado al\u00e9m das m\u00fasicas presentes no lp, outras tantas que viriam a ser mais tarde usadas na edi\u00e7\u00e3o do segundo disco, no caso, este que aqui trazemos. H\u00e1 muita semelhan\u00e7a no estilo de interpreta\u00e7\u00e3o, o que me leva a acreditar nessa hip\u00f3tese. Logo que poss\u00edvel, procurarei postar aqui o disco com o Conjunto Masterplay. Vou ver se consigo localizar ela aqui nas minhas fontes. Enquanto isso, saboreiem M. Renato And His Orchestra neste falso est\u00e9reo que provavelmente deve ter sido lan\u00e7ado na segunda metade dos anos 60.<\/p>\n<div>tico tico no fub\u00e1<\/div>\n<div>samba fant\u00e1stico<\/div>\n<div>aquarela do brasil<\/div>\n<div>na baixa do sapateiro<\/div>\n<div>n\u00e3o tenho l\u00e1grimas<\/div>\n<div>copacabana<\/div>\n<div>o barquinho<\/div>\n<div>corcovado<\/div>\n<div>recado<\/div>\n<div>voc\u00ea e eu<\/div>\n<div>samba da minha terra<\/div>\n<div>oba-la-la<\/div>\n<p>.<\/p>","protected":false},"excerpt":{"rendered":"<p>Bom dia, amigos cultos e ocultos! Temos hoje uma curiosidade, coisa que cai muito bem por aqui. Um desses discos cuja obscuridade sempre nos atrai. Como podemos ver logo pelas fotos, temos dois discos com capas semelhantes e tamb\u00e9m com &hellip; <a href=\"https:\/\/www.toque-musicall.com\/?p=7341\">Continue lendo <span class=\"meta-nav\">&rarr;<\/span><\/a><\/p>\n","protected":false},"author":1,"featured_media":0,"comment_status":"closed","ping_status":"closed","sticky":false,"template":"","format":"standard","meta":{"footnotes":""},"categories":[3588,3589],"tags":[3590,3587],"class_list":["post-7341","post","type-post","status-publish","format-standard","hentry","category-m-renato-and-his-orchestra","category-selo-egal","tag-m-renato-and-his-orchestra","tag-selo-egal"],"_links":{"self":[{"href":"https:\/\/www.toque-musicall.com\/index.php?rest_route=\/wp\/v2\/posts\/7341","targetHints":{"allow":["GET"]}}],"collection":[{"href":"https:\/\/www.toque-musicall.com\/index.php?rest_route=\/wp\/v2\/posts"}],"about":[{"href":"https:\/\/www.toque-musicall.com\/index.php?rest_route=\/wp\/v2\/types\/post"}],"author":[{"embeddable":true,"href":"https:\/\/www.toque-musicall.com\/index.php?rest_route=\/wp\/v2\/users\/1"}],"replies":[{"embeddable":true,"href":"https:\/\/www.toque-musicall.com\/index.php?rest_route=%2Fwp%2Fv2%2Fcomments&post=7341"}],"version-history":[{"count":2,"href":"https:\/\/www.toque-musicall.com\/index.php?rest_route=\/wp\/v2\/posts\/7341\/revisions"}],"predecessor-version":[{"id":7343,"href":"https:\/\/www.toque-musicall.com\/index.php?rest_route=\/wp\/v2\/posts\/7341\/revisions\/7343"}],"wp:attachment":[{"href":"https:\/\/www.toque-musicall.com\/index.php?rest_route=%2Fwp%2Fv2%2Fmedia&parent=7341"}],"wp:term":[{"taxonomy":"category","embeddable":true,"href":"https:\/\/www.toque-musicall.com\/index.php?rest_route=%2Fwp%2Fv2%2Fcategories&post=7341"},{"taxonomy":"post_tag","embeddable":true,"href":"https:\/\/www.toque-musicall.com\/index.php?rest_route=%2Fwp%2Fv2%2Ftags&post=7341"}],"curies":[{"name":"wp","href":"https:\/\/api.w.org\/{rel}","templated":true}]}}