{"id":735,"date":"2010-08-29T23:15:00","date_gmt":"2010-08-29T23:15:00","guid":{"rendered":"http:\/\/www.toque-musicall.com\/?p=735"},"modified":"2010-08-29T23:15:00","modified_gmt":"2010-08-29T23:15:00","slug":"marcio-lott-compacto-1968","status":"publish","type":"post","link":"https:\/\/www.toque-musicall.com\/?p=735","title":{"rendered":"M\u00e1rcio Lott &#8211; Compacto (1968)"},"content":{"rendered":"<p><a href=\"http:\/\/2.bp.blogspot.com\/_DSKVEvHtskc\/THrsAo2nzxI\/AAAAAAAAG88\/e_c6JMiNV2g\/s1600\/marcio+lott+1.JPG\"><img decoding=\"async\" style=\"TEXT-ALIGN: center; MARGIN: 0px auto 10px; WIDTH: 400px; DISPLAY: block; HEIGHT: 400px; CURSOR: hand\" id=\"BLOGGER_PHOTO_ID_5510976589751897874\" border=\"0\" alt=\"\" src=\"http:\/\/2.bp.blogspot.com\/_DSKVEvHtskc\/THrsAo2nzxI\/AAAAAAAAG88\/e_c6JMiNV2g\/s400\/marcio+lott+1.JPG\" \/><\/a>Para ado\u00e7ar a boca e dormirmos felizes, aqui vai um compactozinho raro do M\u00e1rcio Lott. Este disco, nem ele deve ter mais. Provavelmente nem vai se lembrar que um dia gravou pela RCA Victor, &#8220;Litoral&#8221;, de Toninho Horta e Ronaldo Bastos e S\u00e1 Marina, de Antonio Adolfo e Tiberio Gaspar. \u00c9 raridade pura!<br \/>M\u00e1rcio Lott, para quem n\u00e3o sabe, \u00e9 um cantor mineiro, premiado em festivais. Iniciou sua carreira ainda na adolesc\u00eancia. Gravou seu primeiro disco, um compacto simples em 1964. A partir de 1970 ele foi morar no Rio de Janeiro onde est\u00e1 at\u00e9 hoje. Por l\u00e1 ele participou de diversos grupos vocais, entre esses o Quarteto Forma. Trabalhou como vocalista e apoio vocal em dezenas de shows e grava\u00e7\u00f5es para diversos artistas. Participou de trilhas de novelas da TV Globo, atuou fazendo &#8216;jingles&#8217; para campanhas publicit\u00e1rias e at\u00e9 gravou junto com Lucinha Lins e outros o disco &#8220;As vozes do jingle&#8221; em 1981. Na d\u00e9cada de 90 integrou o quarteto vocal &#8220;Be Happy&#8221;. A partir de 2003 ele formou o grupo &#8220;N\u00f3s Quatro&#8221;, com C\u00e9lia Vaz, Ana Zinger e Fab\u00edola. Lan\u00e7ou em 2005, inaugurando o selo R\u00e1dio MEC, o cd &#8220;EnCantos Geraes&#8221; com m\u00fasicas de Milton Nascimento, Toninho Horta, Dori Caymmi, Fernando Brant, Sueli Costa e outros.<br \/>Confiram aqui este rar\u00edssimo disquinho que, com toda a certeza, nunca fora visto ou ouvido na rede. Muito bom! \ud83d\ude09<\/p>\n<div align=\"center\">litoral<\/div>\n<div align=\"center\">s\u00e1 marina<\/div>\n<div align=\"center\"> <\/div>\n<div align=\"center\"> <\/div>\n","protected":false},"excerpt":{"rendered":"<p>Para ado\u00e7ar a boca e dormirmos felizes, aqui vai um compactozinho raro do M\u00e1rcio Lott. Este disco, nem ele deve ter mais. Provavelmente nem vai se lembrar que um dia gravou pela RCA Victor, &#8220;Litoral&#8221;, de Toninho Horta e Ronaldo &hellip; <a href=\"https:\/\/www.toque-musicall.com\/?p=735\">Continue lendo <span class=\"meta-nav\">&rarr;<\/span><\/a><\/p>\n","protected":false},"author":1,"featured_media":0,"comment_status":"open","ping_status":"closed","sticky":false,"template":"","format":"standard","meta":{"footnotes":""},"categories":[1048],"tags":[],"class_list":["post-735","post","type-post","status-publish","format-standard","hentry","category-marcio-lott"],"_links":{"self":[{"href":"https:\/\/www.toque-musicall.com\/index.php?rest_route=\/wp\/v2\/posts\/735","targetHints":{"allow":["GET"]}}],"collection":[{"href":"https:\/\/www.toque-musicall.com\/index.php?rest_route=\/wp\/v2\/posts"}],"about":[{"href":"https:\/\/www.toque-musicall.com\/index.php?rest_route=\/wp\/v2\/types\/post"}],"author":[{"embeddable":true,"href":"https:\/\/www.toque-musicall.com\/index.php?rest_route=\/wp\/v2\/users\/1"}],"replies":[{"embeddable":true,"href":"https:\/\/www.toque-musicall.com\/index.php?rest_route=%2Fwp%2Fv2%2Fcomments&post=735"}],"version-history":[{"count":0,"href":"https:\/\/www.toque-musicall.com\/index.php?rest_route=\/wp\/v2\/posts\/735\/revisions"}],"wp:attachment":[{"href":"https:\/\/www.toque-musicall.com\/index.php?rest_route=%2Fwp%2Fv2%2Fmedia&parent=735"}],"wp:term":[{"taxonomy":"category","embeddable":true,"href":"https:\/\/www.toque-musicall.com\/index.php?rest_route=%2Fwp%2Fv2%2Fcategories&post=735"},{"taxonomy":"post_tag","embeddable":true,"href":"https:\/\/www.toque-musicall.com\/index.php?rest_route=%2Fwp%2Fv2%2Ftags&post=735"}],"curies":[{"name":"wp","href":"https:\/\/api.w.org\/{rel}","templated":true}]}}