{"id":736,"date":"2010-08-29T10:27:00","date_gmt":"2010-08-29T10:27:00","guid":{"rendered":"http:\/\/www.toque-musicall.com\/?p=736"},"modified":"2010-08-29T10:27:00","modified_gmt":"2010-08-29T10:27:00","slug":"renato-tito-e-seu-conjunto-teleco-teco-choros-hi-fi-1959","status":"publish","type":"post","link":"https:\/\/www.toque-musicall.com\/?p=736","title":{"rendered":"Renato Tito E Seu Conjunto Teleco Teco &#8211; Choros HI-FI (1959)"},"content":{"rendered":"<p><a href=\"http:\/\/2.bp.blogspot.com\/_DSKVEvHtskc\/THo2PQwI1oI\/AAAAAAAAG8w\/fndGSKHEjGs\/s1600\/REnato+Tito+P.JPG\"><img decoding=\"async\" style=\"TEXT-ALIGN: center; MARGIN: 0px auto 10px; WIDTH: 400px; DISPLAY: block; HEIGHT: 393px; CURSOR: hand\" id=\"BLOGGER_PHOTO_ID_5510776729864033922\" border=\"0\" alt=\"\" src=\"http:\/\/2.bp.blogspot.com\/_DSKVEvHtskc\/THo2PQwI1oI\/AAAAAAAAG8w\/fndGSKHEjGs\/s400\/REnato+Tito+P.JPG\" \/><\/a> Na quinta-feira passada eu postei um disco do Maestro Carioca, onde sua orquestra interpreta alguns cl\u00e1ssicos do chorinho (brasileiro!). Chamei a aten\u00e7\u00e3o para os arranjos que d\u00e3o ao choro um aspecto mais dan\u00e7ante. Ouvindo aquele disco, com orquestra e seus metais, n\u00f3s inevitavelmente nos transportamos para um ambiente diferente, um sal\u00e3o dan\u00e7ante ou uma gafieira. Eu chamaria este de um chorinho noturno, enquanto que o chorinho diurno seria aquele do viol\u00e3o, pandeiro, cavaquinho, bandolim, flauta e clarinete, tocado numa roda em um fundo de quintal ou mesmo na mesa de buteco. Pensando nessas quest\u00f5es, eu me lembrei deste disco do Renato Tito que um dia eu baixei no Loronix. Ele \u00e9 \u00f3timo e tem tuda a ver com essa coisa do choro para dan\u00e7ar e sua mistura com o samba. Na verdade aqui, nem tudo \u00e9 choro, mas se transforma, no solo da clarinete de Renato Tito. Confiram o toque&#8230; e aguardem que hoje ainda pode ter mais&#8230; \ud83d\ude09<\/p>\n<div align=\"center\">petite fleur<\/div>\n<div align=\"center\">vivaldo no choro<\/div>\n<div align=\"center\">eu e voc\u00ea<\/div>\n<div align=\"center\">compromisso com a saudade<\/div>\n<div align=\"center\">idealizando<\/div>\n<div align=\"center\">pudim de maria<\/div>\n<div align=\"center\">espinha de bacalhau<\/div>\n<div align=\"center\">sai do bar<\/div>\n<div align=\"center\">pezadinho<\/div>\n<div align=\"center\">um choro diferente<\/div>\n<div align=\"center\">louco por m\u00fasica<\/div>\n<div align=\"center\">perigoso<\/div>\n<div align=\"center\"> <\/div>\n<div align=\"center\"> <\/div>\n","protected":false},"excerpt":{"rendered":"<p>Na quinta-feira passada eu postei um disco do Maestro Carioca, onde sua orquestra interpreta alguns cl\u00e1ssicos do chorinho (brasileiro!). Chamei a aten\u00e7\u00e3o para os arranjos que d\u00e3o ao choro um aspecto mais dan\u00e7ante. Ouvindo aquele disco, com orquestra e seus &hellip; <a href=\"https:\/\/www.toque-musicall.com\/?p=736\">Continue lendo <span class=\"meta-nav\">&rarr;<\/span><\/a><\/p>\n","protected":false},"author":1,"featured_media":0,"comment_status":"open","ping_status":"closed","sticky":false,"template":"","format":"standard","meta":{"footnotes":""},"categories":[315,1049],"tags":[],"class_list":["post-736","post","type-post","status-publish","format-standard","hentry","category-renato-tito-e-seu-conjunto-teleco-teco","category-selo-discobras"],"_links":{"self":[{"href":"https:\/\/www.toque-musicall.com\/index.php?rest_route=\/wp\/v2\/posts\/736","targetHints":{"allow":["GET"]}}],"collection":[{"href":"https:\/\/www.toque-musicall.com\/index.php?rest_route=\/wp\/v2\/posts"}],"about":[{"href":"https:\/\/www.toque-musicall.com\/index.php?rest_route=\/wp\/v2\/types\/post"}],"author":[{"embeddable":true,"href":"https:\/\/www.toque-musicall.com\/index.php?rest_route=\/wp\/v2\/users\/1"}],"replies":[{"embeddable":true,"href":"https:\/\/www.toque-musicall.com\/index.php?rest_route=%2Fwp%2Fv2%2Fcomments&post=736"}],"version-history":[{"count":0,"href":"https:\/\/www.toque-musicall.com\/index.php?rest_route=\/wp\/v2\/posts\/736\/revisions"}],"wp:attachment":[{"href":"https:\/\/www.toque-musicall.com\/index.php?rest_route=%2Fwp%2Fv2%2Fmedia&parent=736"}],"wp:term":[{"taxonomy":"category","embeddable":true,"href":"https:\/\/www.toque-musicall.com\/index.php?rest_route=%2Fwp%2Fv2%2Fcategories&post=736"},{"taxonomy":"post_tag","embeddable":true,"href":"https:\/\/www.toque-musicall.com\/index.php?rest_route=%2Fwp%2Fv2%2Ftags&post=736"}],"curies":[{"name":"wp","href":"https:\/\/api.w.org\/{rel}","templated":true}]}}